{"id":372404,"date":"2025-09-07T06:48:27","date_gmt":"2025-09-07T06:48:27","guid":{"rendered":"https:\/\/www.europesays.com\/fr\/372404\/"},"modified":"2025-09-07T06:48:27","modified_gmt":"2025-09-07T06:48:27","slug":"harry-de-retour-en-angleterre-ces-funerailles-royales-ou-il-pourrait-retrouver-william-kate-et-charles-iii","status":"publish","type":"post","link":"https:\/\/www.europesays.com\/fr\/372404\/","title":{"rendered":"Harry de retour en Angleterre : ces fun\u00e9railles royales o\u00f9 il pourrait retrouver William, Kate et Charles III"},"content":{"rendered":"<p class=\"p2\"><a href=\"https:\/\/www.closermag.fr\/royautes\/harry-vire-du-projet-de-sa-vie-ce-coup-de-pied-au-derriere-peut-etre-fomente-par-kate-et-william-3575866\" rel=\"nofollow noopener\" target=\"_blank\"><br \/>\nLe prince Harry<\/a>, de retour au bercail ? Pas vraiment. Oui, le<br \/>\n\u00ab\u00a0Suppl\u00e9ant\u00a0\u00bb posera ses bagages <strong>\u00e0 Londres ce lundi 8<br \/>\nseptembre<\/strong>. Non, il n&rsquo;a pas pr\u00e9vu de fl\u00e2ner dans les<br \/>\ncouloirs de Buckingham Palace. Le prince assistera \u00e0 <strong>la<br \/>\nc\u00e9r\u00e9monie caritative des WellChild Awards<\/strong>, association<br \/>\nd\u00e9di\u00e9 aux enfants malades qu&rsquo;il parraine depuis plus d&rsquo;une dizaine<br \/>\nd&rsquo;ann\u00e9es.<\/p>\n<p class=\"p2\">Sa venue coincide avec <strong>la c\u00e9l\u00e9bration<br \/>\nde<\/strong> <a href=\"https:\/\/www.closermag.fr\/royautes\/la-reine-elizabeth-ii-est-morte-1647179\" rel=\"nofollow noopener\" target=\"_blank\"><br \/>\nla mort d&rsquo;Elizabeth II<\/a>. Voil\u00e0 en effet d\u00e9j\u00e0 trois ans que la<br \/>\nd\u00e9funte reine a rendu l&rsquo;\u00e2me, c\u00e9dant le tr\u00f4ne \u00e0 Charles III.<br \/>\nL&rsquo;agenda de l&rsquo;actuel monarque ne mentionne <strong>pas le moindre<br \/>\nrendez-vous avec Harry<\/strong>. Un autre \u00e9v\u00e9nement solennel<br \/>\npourrait malgr\u00e9 tout r\u00e9unir le mari de Meghan Markle et sa<br \/>\nfamille.<\/p>\n<p><img loading=\"lazy\" decoding=\"async\" aria-describedby=\"caption-attachment-3576044\" itemprop=\"thumbnailUrl\" class=\"size-large wp-image-3576044 img-responsive\" src=\"https:\/\/www.europesays.com\/fr\/wp-content\/uploads\/2025\/09\/photo-du-prince-harry-1-683x1024.jpg\" alt=\"Prince Harry\" width=\"683\" height=\"1024\"\/> \u00a9 Bestimage<\/p>\n<p id=\"caption-attachment-3576044\" class=\"wp-caption-text\">Prince<br \/>\nHarry, en froid avec Charles III et sa famille<\/p>\n<p>Harry de retour en Angleterre : ces obs\u00e8ques<br \/>\nauxquelles le prince pourrait assister<\/p>\n<p class=\"p2\">Quelques jours apr\u00e8s les WellChild Awards se<br \/>\nd\u00e9rouleront <strong>les fun\u00e9railles de<\/strong> <a href=\"https:\/\/www.closermag.fr\/royautes\/mort-de-la-duchesse-de-kent-doyenne-de-la-famille-royale-britannique-3575865\" rel=\"nofollow noopener\" target=\"_blank\"><br \/>\nla duchesse de Kent<\/a>. Pour rappel, la discr\u00e8te Katharine<br \/>\nWorsley\u00a0<strong>s&rsquo;est \u00e9teinte \u00e0 l&rsquo;\u00e2ge v\u00e9n\u00e9rable de 92<br \/>\nans<\/strong> ce jeudi 4 septembre \u00ab\u00a0au palais de Kensington,<br \/>\nentour\u00e9e de sa famille\u00a0\u00bb a-t-on appris dans un communiqu\u00e9 du<br \/>\nPalais de Buckingham. Une grande partie de la famille royale<br \/>\ndevrait assister \u00e0 ses obs\u00e8ques.<\/p>\n<p class=\"p2\"><a href=\"https:\/\/www.dailymail.co.uk\/news\/article-15069713\/Prince-Harry-Duchess-Kent-funeral-Andrew.html\" rel=\"nofollow noopener\" target=\"_blank\"><br \/>\nD&rsquo;apr\u00e8s le Daily Mail<\/a>, <strong>William, Kate et<br \/>\nCharles III<\/strong> croiseront s\u00fbrement le prince Andrew, duc<br \/>\nd&rsquo;York. <strong>Harry pourrait se joindre \u00e0 eux<\/strong> \u00e0<br \/>\ncondition de prolonger son s\u00e9jour londonien loin des siens, Meghan<br \/>\nMarkle n&rsquo;\u00e9tant pas du voyage. On ne sait pas encore \u00e0 cette heure<br \/>\nsi on l&rsquo;apercevra \u00e0 Kensington dans les prochains jours.<\/p>\n<p>Harry de retour en Angleterre :<br \/>\npeut-on esp\u00e9rer une reprise de contact avec Charles III ?<\/p>\n<p class=\"p2\">La venue de Harry au Royaume-Uni alimente les<br \/>\nth\u00e9ories sur <strong>sa r\u00e9conciliation tant attendue avec<\/strong><br \/>\n<a href=\"https:\/\/www.closermag.fr\/royautes\/charles-iii-cette-raison-dechirante-pour-laquelle-il-voudrait-absolument-revoir-son-fils-harry-3575748\" rel=\"nofollow noopener\" target=\"_blank\"><br \/>\nCharles III<\/a>. \u00ab\u00a0Si \u00e7a arrivait, ce serait une bonne chose. Le<br \/>\nlien familial a \u00e9t\u00e9 rompu et il doit \u00eatre r\u00e9par\u00e9\u00a0\u00bb, confie un<br \/>\nLondonien au micro de France Info. Une citoyenne britannique ajoute<br \/>\n: \u00ab\u00a0<strong>Harry a \u00e9t\u00e9 stupide<\/strong>, mais il faut<br \/>\npardonner, n&rsquo;est-ce pas ?\u00a0\u00bb.<\/p>\n<p class=\"p2\">Pour l&rsquo;expert J\u00e9r\u00f4me Carron, le d\u00e9gel pourrait<br \/>\narriver plus vite que pr\u00e9vu, comme semble l&rsquo;indiquer <strong>une<br \/>\nr\u00e9union entre les conseillers du roi et ceux du<\/strong> <a href=\"https:\/\/www.closermag.fr\/royautes\/harry-et-william-en-guerre-le-moment-exact-ou-tout-a-bascule-entre-les-deux-freres-immortalise-en-photo-3575127\" rel=\"nofollow noopener\" target=\"_blank\"><br \/>\npetit-fr\u00e8re de William<\/a>. \u00ab\u00a0\u00c7a a d\u00e9clench\u00e9 certaines rumeurs<br \/>\nsur d&rsquo;\u00e9ventuelles reprises de contact pour parler,<br \/>\n<strong>c&rsquo;est le d\u00e9but de quelque chose,<br \/>\npeut-\u00eatre<\/strong>\u00ab\u00a0, avance le journaliste du magazine<br \/>\nPoint de Vue. La suite au prochain \u00e9pisode !<\/p>\n","protected":false},"excerpt":{"rendered":"Le prince Harry, de retour au bercail ? Pas vraiment. Oui, le \u00ab\u00a0Suppl\u00e9ant\u00a0\u00bb posera ses bagages \u00e0 Londres&hellip;\n","protected":false},"author":2,"featured_media":372405,"comment_status":"","ping_status":"","sticky":false,"template":"","format":"standard","meta":{"footnotes":""},"categories":[8],"tags":[548,581,58,59,1011,27,5858,267,3936],"class_list":{"0":"post-372404","1":"post","2":"type-post","3":"status-publish","4":"format-standard","5":"has-post-thumbnail","7":"category-divertissement","8":"tag-article-simple","9":"tag-charles-iii","10":"tag-divertissement","11":"tag-entertainment","12":"tag-fr","13":"tag-france","14":"tag-kate-middleton","15":"tag-prince-harry","16":"tag-prince-william"},"share_on_mastodon":{"url":"https:\/\/pubeurope.com\/@fr\/115161681364051638","error":""},"_links":{"self":[{"href":"https:\/\/www.europesays.com\/fr\/wp-json\/wp\/v2\/posts\/372404","targetHints":{"allow":["GET"]}}],"collection":[{"href":"https:\/\/www.europesays.com\/fr\/wp-json\/wp\/v2\/posts"}],"about":[{"href":"https:\/\/www.europesays.com\/fr\/wp-json\/wp\/v2\/types\/post"}],"author":[{"embeddable":true,"href":"https:\/\/www.europesays.com\/fr\/wp-json\/wp\/v2\/users\/2"}],"replies":[{"embeddable":true,"href":"https:\/\/www.europesays.com\/fr\/wp-json\/wp\/v2\/comments?post=372404"}],"version-history":[{"count":0,"href":"https:\/\/www.europesays.com\/fr\/wp-json\/wp\/v2\/posts\/372404\/revisions"}],"wp:featuredmedia":[{"embeddable":true,"href":"https:\/\/www.europesays.com\/fr\/wp-json\/wp\/v2\/media\/372405"}],"wp:attachment":[{"href":"https:\/\/www.europesays.com\/fr\/wp-json\/wp\/v2\/media?parent=372404"}],"wp:term":[{"taxonomy":"category","embeddable":true,"href":"https:\/\/www.europesays.com\/fr\/wp-json\/wp\/v2\/categories?post=372404"},{"taxonomy":"post_tag","embeddable":true,"href":"https:\/\/www.europesays.com\/fr\/wp-json\/wp\/v2\/tags?post=372404"}],"curies":[{"name":"wp","href":"https:\/\/api.w.org\/{rel}","templated":true}]}}