{"id":372412,"date":"2025-09-07T06:52:11","date_gmt":"2025-09-07T06:52:11","guid":{"rendered":"https:\/\/www.europesays.com\/fr\/372412\/"},"modified":"2025-09-07T06:52:11","modified_gmt":"2025-09-07T06:52:11","slug":"cedric-jubillar-a-telephone-a-plusieurs-reprises-a-son-ex-compagne-temoin-de-son-proces","status":"publish","type":"post","link":"https:\/\/www.europesays.com\/fr\/372412\/","title":{"rendered":"C\u00e9dric Jubillar a t\u00e9l\u00e9phon\u00e9 \u00e0 plusieurs reprises \u00e0 son ex-compagne, t\u00e9moin de son proc\u00e8s"},"content":{"rendered":"<p>C\u00e9dric Jubillar a tent\u00e9 de joindre \u00e0 cinq reprises Jennifer C., son ex-compagne, le 4 septembre. Des appels peu anodins, alors que celle-ci est une t\u00e9moin cl\u00e9 dans l&rsquo;affaire, qui viendra t\u00e9moigner \u00e0 la barre lors du proc\u00e8s.<\/p>\n<p>Peu de temps avant l&rsquo;ouverture de son proc\u00e8s, programm\u00e9 le 22 septembre 2025 aux assises du Tarn, <a href=\"https:\/\/www.bfmtv.com\/police-justice\/affaire-jubillar-le-telephone-de-cedric-jubillar-a-borne-17-fois-dans-une-zone-boisee-non-fouillee-dans-le-mois-precedent-la-disparition-de-sa-femme_AV-202505180239.html\" title=\"Affaire Jubillar: le t\u00e9l\u00e9phone de C\u00e9dric Jubillar a born\u00e9 17 fois dans une zone bois\u00e9e non fouill\u00e9e dans le mois pr\u00e9c\u00e9dent la disparition de sa femme\" class=\"internal_link\" rel=\"nofollow noopener\" target=\"_blank\">C\u00e9dric Jubillar<\/a> a tent\u00e9 \u00e0 plusieurs reprises de joindre son ancienne compagne, Jennifer C. Des appels peu anodins en raison du calendrier et du statut de cette derni\u00e8re, qui se pr\u00e9sentera au tribunal en qualit\u00e9 de t\u00e9moin.<\/p>\n<p>Cinq appels pass\u00e9s \u00e0 son ex-compagne<\/p>\n<p>C\u00e9dric Jubillar a tent\u00e9 de contacter par t\u00e9l\u00e9phone son ex-compagne le 4 septembre \u00e0 cinq reprises depuis le centre p\u00e9nitentiaire de Toulouse-Seysses, o\u00f9 il attend son proc\u00e8s, a confirm\u00e9 le procureur g\u00e9n\u00e9ral dans un communiqu\u00e9.<\/p>\n<p>Plac\u00e9 \u00e0 l&rsquo;isolement, le principal suspect dans la disparition de Delphine Jubillar peut acc\u00e9der \u00e0 une cabine t\u00e9l\u00e9phonique comme les autres d\u00e9tenus. Il peut y effectuer des appels enregistr\u00e9s avec ses avocats ou d&rsquo;autres personnes sous r\u00e9serve d&rsquo;une autorisation judiciaire.<\/p>\n<p>Sans r\u00e9ponse, C\u00e9dric Jubillar a laiss\u00e9 un message \u00e0 Jennifer C., confirm\u00e9 par le procureur \u00e0 BFMTV: \u00ab\u00a0R\u00e9ponds quand je t&rsquo;appelle ! Tu as peur de quoi?\u00a0\u00bb, dit-il.<\/p>\n<p>Un premier contact depuis l&rsquo;\u00e9t\u00e9<\/p>\n<p>La volont\u00e9 du suspect de contacter son ancienne partenaire, qui figurait sur la liste des personnes qu&rsquo;il pouvait appeler, pose question. Celle-ci avait en effet r\u00e9v\u00e9l\u00e9 au cours de l&rsquo;\u00e9t\u00e9 que <a href=\"https:\/\/www.bfmtv.com\/police-justice\/affaire-jubillar-la-justice-veut-entendre-la-compagne-de-cedric-jubillar-apres-son-temoignage_AN-202507210292.html\" title=\"Elle affirme qu&#039;il lui a avou\u00e9 le meurtre: la justice veut entendre la compagne de C\u00e9dric Jubillar\" class=\"internal_link\" rel=\"nofollow noopener\" target=\"_blank\">le peintre-plaquiste lui avait confi\u00e9 avoir tu\u00e9 Delphine Jubillar<\/a> le soir du 15 d\u00e9cembre 2020 et avoir d\u00e9pos\u00e9 son corps sur une exploitation agricole. Des \u00e9l\u00e9ments que <a href=\"https:\/\/www.bfmtv.com\/police-justice\/on-nage-en-plein-delire-les-avocats-de-cedric-jubillar-affirment-qu-il-n-a-rien-confie-a-sa-derniere-compagne_AV-202507250454.html\" title=\"&quot;On nage en plein d\u00e9lire&quot;: les avocats de C\u00e9dric Jubillar affirment qu&#039;il &quot;n&#039;a rien confi\u00e9&quot; \u00e0 sa derni\u00e8re compagne\" class=\"internal_link\" rel=\"nofollow noopener\" target=\"_blank\">le principal int\u00e9ress\u00e9 a ni\u00e9s<\/a>.<\/p>\n<p>D&rsquo;apr\u00e8s des v\u00e9rifications, ces appels \u00e9mis par C\u00e9dric Jubillar \u00e0 Jennifer C. depuis le centre p\u00e9nitentiaire \u00e9taient les premiers depuis ces r\u00e9v\u00e9lations.<\/p>\n<p>Ils posent surtout la question suivante: comment le nom de Jennifer C. pouvait-il toujours figurer parmi les contacts autoris\u00e9s du suspect alors que celle-ci est un t\u00e9moin dans le proc\u00e8s qui l&rsquo;attend?<\/p>\n<p>\u00ab\u00a0Le code de proc\u00e9dure p\u00e9nale interdit \u00e0 toutes personnes mises en cause, de surcro\u00eet dans une proc\u00e9dure criminelle, de contacter l&rsquo;autre partie en principe et encore moins lorsqu&rsquo;il s&rsquo;agit d&rsquo;un t\u00e9moin. Il pourrait s&rsquo;agir d&rsquo;une infraction p\u00e9nale\u00a0\u00bb, affirme Me Joaquinito Maria Alogo de Obono, l&rsquo;avocat de l&rsquo;ex-compagne de C\u00e9dric Jubillar, \u00e0 <a href=\"https:\/\/france3-regions.franceinfo.fr\/occitanie\/tarn\/albi\/affaire-jubillar-reponds-quand-j-t-appelle-tu-as-peur-de-quoi-cedric-de-sa-prison-contacte-son-ex-temoin-cle-malgre-une-interdiction-judiciaire-3212132.html\" target=\"_blank\" class=\"external_link\" rel=\"nofollow noopener\">France 3 Occitanie<\/a>. Il ne confirme ou n&rsquo;infirme toutefois pas ces appels.<\/p>\n<p>Apr\u00e8s la r\u00e9v\u00e9lation de ces tentatives de communication t\u00e9l\u00e9phonique de la part de C\u00e9dric Jubillar, le parquet g\u00e9n\u00e9ral a d\u00e9cid\u00e9 de \u00ab\u00a0retirer toute autorisation de contact\u00a0\u00bb dont il pouvait b\u00e9n\u00e9ficier \u00e0 l&rsquo;\u00e9gard de son ex-compagne.<\/p>\n","protected":false},"excerpt":{"rendered":"C\u00e9dric Jubillar a tent\u00e9 de joindre \u00e0 cinq reprises Jennifer C., son ex-compagne, le 4 septembre. Des appels&hellip;\n","protected":false},"author":2,"featured_media":372413,"comment_status":"","ping_status":"","sticky":false,"template":"","format":"standard","meta":{"footnotes":""},"categories":[4],"tags":[11,1011,27,12,25],"class_list":{"0":"post-372412","1":"post","2":"type-post","3":"status-publish","4":"format-standard","5":"has-post-thumbnail","7":"category-france","8":"tag-actualites","9":"tag-fr","10":"tag-france","11":"tag-news","12":"tag-republique-francaise"},"share_on_mastodon":{"url":"https:\/\/pubeurope.com\/@fr\/115161697070240868","error":""},"_links":{"self":[{"href":"https:\/\/www.europesays.com\/fr\/wp-json\/wp\/v2\/posts\/372412","targetHints":{"allow":["GET"]}}],"collection":[{"href":"https:\/\/www.europesays.com\/fr\/wp-json\/wp\/v2\/posts"}],"about":[{"href":"https:\/\/www.europesays.com\/fr\/wp-json\/wp\/v2\/types\/post"}],"author":[{"embeddable":true,"href":"https:\/\/www.europesays.com\/fr\/wp-json\/wp\/v2\/users\/2"}],"replies":[{"embeddable":true,"href":"https:\/\/www.europesays.com\/fr\/wp-json\/wp\/v2\/comments?post=372412"}],"version-history":[{"count":0,"href":"https:\/\/www.europesays.com\/fr\/wp-json\/wp\/v2\/posts\/372412\/revisions"}],"wp:featuredmedia":[{"embeddable":true,"href":"https:\/\/www.europesays.com\/fr\/wp-json\/wp\/v2\/media\/372413"}],"wp:attachment":[{"href":"https:\/\/www.europesays.com\/fr\/wp-json\/wp\/v2\/media?parent=372412"}],"wp:term":[{"taxonomy":"category","embeddable":true,"href":"https:\/\/www.europesays.com\/fr\/wp-json\/wp\/v2\/categories?post=372412"},{"taxonomy":"post_tag","embeddable":true,"href":"https:\/\/www.europesays.com\/fr\/wp-json\/wp\/v2\/tags?post=372412"}],"curies":[{"name":"wp","href":"https:\/\/api.w.org\/{rel}","templated":true}]}}