{"id":372414,"date":"2025-09-07T06:53:11","date_gmt":"2025-09-07T06:53:11","guid":{"rendered":"https:\/\/www.europesays.com\/fr\/372414\/"},"modified":"2025-09-07T06:53:11","modified_gmt":"2025-09-07T06:53:11","slug":"jean-claude-vrain-le-libraire-des-people-et-des-puissants-devant-la-justice-liberation","status":"publish","type":"post","link":"https:\/\/www.europesays.com\/fr\/372414\/","title":{"rendered":"Jean-Claude Vrain, le libraire des people et des puissants, devant la justice \u2013 Lib\u00e9ration"},"content":{"rendered":"<p class=\"sc-cPiKLX AiZTS text-element\">Dr\u00f4le de personnage que voil\u00e0, avec son \u00e9ternel chapeau viss\u00e9 sur le cr\u00e2ne et ses santiags de cow-boy. On pouvait jusqu\u2019ici apercevoir Jean-Claude Vrain dans sa petite librairie parisienne, pr\u00e8s de l\u2019\u00e9glise Saint-Sulpice \u00e0 Saint-Germain-des-Pr\u00e9s (VIe arrondissement), ou dans les salles de ventes aux ench\u00e8res, \u00e0 l\u2019aff\u00fbt d\u2019un manuscrit pr\u00e9cieux ou d\u2019une collection de lettres prestigieuses. Mais, \u00e0 78 ans, le libraire du Tout-Paris est convoqu\u00e9 lundi 8 septembre au tribunal judiciaire de Paris pour y \u00eatre jug\u00e9 dans l\u2019<a href=\"https:\/\/www.liberation.fr\/plus\/speciaux-cahier-ete\/une-des-plus-fabuleuses-arnaques-du-xxie-siecle-laffaire-aristophil-ou-comment-faire-du-chiffre-avec-des-lettres-20250822_5TMEORZW6RB4LKFWY7HD4PK75E\/\" target=\"_blank\" rel=\"nofollow noopener\" title=\"https:\/\/www.liberation.fr\/plus\/speciaux-cahier-ete\/une-des-plus-fabuleuses-arnaques-du-xxie-siecle-laffaire-aristophil-ou-comment-faire-du-chiffre-avec-des-lettres-20250822_5TMEORZW6RB4LKFWY7HD4PK75E\/\">affaire Aristophil<\/a>, cette gigantesque escroquerie pr\u00e9sum\u00e9e aux placements dans les manuscrits et livres anciens, qui a totalement d\u00e9stabilis\u00e9 les milieux feutr\u00e9s de la bibliophilie. Le proc\u00e8s se tient jusqu\u2019au 13 octobre, principalement pour \u00abescroquerie en bande organis\u00e9e\u00bb, \u00e0 l\u2019encontre de huit pr\u00e9venus et de trois soci\u00e9t\u00e9s, personnes morales, dont certains seront aussi jug\u00e9s pour \u00abpratiques commerciales trompeuses\u00bb. <\/p>\n<p class=\"sc-cPiKLX AiZTS text-element\">Un homme d\u2019affaires, G\u00e9rard Lh\u00e9ritier, collectionneur de manuscrits sur le tard et devenu l\u2019un de <\/p>\n","protected":false},"excerpt":{"rendered":"Dr\u00f4le de personnage que voil\u00e0, avec son \u00e9ternel chapeau viss\u00e9 sur le cr\u00e2ne et ses santiags de cow-boy.&hellip;\n","protected":false},"author":2,"featured_media":372415,"comment_status":"","ping_status":"","sticky":false,"template":"","format":"standard","meta":{"footnotes":""},"categories":[2],"tags":[11,1011,27,12,626],"class_list":{"0":"post-372414","1":"post","2":"type-post","3":"status-publish","4":"format-standard","5":"has-post-thumbnail","7":"category-actualites","8":"tag-actualites","9":"tag-fr","10":"tag-france","11":"tag-news","12":"tag-paris"},"share_on_mastodon":{"url":"https:\/\/pubeurope.com\/@fr\/115161700991534839","error":""},"_links":{"self":[{"href":"https:\/\/www.europesays.com\/fr\/wp-json\/wp\/v2\/posts\/372414","targetHints":{"allow":["GET"]}}],"collection":[{"href":"https:\/\/www.europesays.com\/fr\/wp-json\/wp\/v2\/posts"}],"about":[{"href":"https:\/\/www.europesays.com\/fr\/wp-json\/wp\/v2\/types\/post"}],"author":[{"embeddable":true,"href":"https:\/\/www.europesays.com\/fr\/wp-json\/wp\/v2\/users\/2"}],"replies":[{"embeddable":true,"href":"https:\/\/www.europesays.com\/fr\/wp-json\/wp\/v2\/comments?post=372414"}],"version-history":[{"count":0,"href":"https:\/\/www.europesays.com\/fr\/wp-json\/wp\/v2\/posts\/372414\/revisions"}],"wp:featuredmedia":[{"embeddable":true,"href":"https:\/\/www.europesays.com\/fr\/wp-json\/wp\/v2\/media\/372415"}],"wp:attachment":[{"href":"https:\/\/www.europesays.com\/fr\/wp-json\/wp\/v2\/media?parent=372414"}],"wp:term":[{"taxonomy":"category","embeddable":true,"href":"https:\/\/www.europesays.com\/fr\/wp-json\/wp\/v2\/categories?post=372414"},{"taxonomy":"post_tag","embeddable":true,"href":"https:\/\/www.europesays.com\/fr\/wp-json\/wp\/v2\/tags?post=372414"}],"curies":[{"name":"wp","href":"https:\/\/api.w.org\/{rel}","templated":true}]}}