{"id":372416,"date":"2025-09-07T06:54:43","date_gmt":"2025-09-07T06:54:43","guid":{"rendered":"https:\/\/www.europesays.com\/fr\/372416\/"},"modified":"2025-09-07T06:54:43","modified_gmt":"2025-09-07T06:54:43","slug":"1300-impacts-de-foudre-en-5-heures-ce-jeudi","status":"publish","type":"post","link":"https:\/\/www.europesays.com\/fr\/372416\/","title":{"rendered":"1300 impacts de foudre en 5 heures ce jeudi"},"content":{"rendered":"<p><img decoding=\"async\" class=\"\" style=\"width:100%\" src=\"https:\/\/www.europesays.com\/fr\/wp-content\/uploads\/2025\/09\/542218775_1193476062822763_3026584140296262185_n1757043721464.jpg\" alt=\"de la gr\u00eale \u00e0 Saint-Chamond.\"\/><\/p>\n<p>de la gr\u00eale \u00e0 Saint-Chamond.<\/p>\n<p>Cr\u00e9dit : Ville de Saint-Chamond.<\/p>\n<p>86 impacts de foudre \u00e0 Saint-Chamond. 67 \u00e0 Saint-\u00c9tienne. L&rsquo;\u00e9pisode orageux de ce jeudi a frapp\u00e9 assez fortement notre d\u00e9partement, principalement dans le Sud. Pr\u00e8s de 1500 \u00e9clairs se sont abattus sur le territoire lig\u00e9rien, dont les 3\/4 entre 11 et 16 heures, sans faire de bless\u00e9.<\/p>\n<p>Le d\u00e9partement fait partie de ceux les plus secou\u00e9s par les orages, derri\u00e8re la Drome. De la gr\u00eale est tomb\u00e9e \u00e0 Saint-Chamond (cf notre photo d&rsquo;illustration). A noter tout de m\u00eame l\u2019embrasement de <a href=\"https:\/\/www.activradio.com\/orages-dans-la-loire-la-foudre-touche-2-maisons\" rel=\"noopener nofollow\" target=\"_blank\">2 toitures. A Saint-Galmier et Saint-Christo-en-Jarez<\/a>. La vigilance jaune a \u00e9t\u00e9 lev\u00e9e jeudi \u00e0 21 heures et il n\u2019y a plus d\u2019alerte aujourd\u2019hui.<\/p>\n","protected":false},"excerpt":{"rendered":"de la gr\u00eale \u00e0 Saint-Chamond. Cr\u00e9dit : Ville de Saint-Chamond. 86 impacts de foudre \u00e0 Saint-Chamond. 67 \u00e0&hellip;\n","protected":false},"author":2,"featured_media":372417,"comment_status":"","ping_status":"","sticky":false,"template":"","format":"standard","meta":{"footnotes":""},"categories":[9653],"tags":[1111,11,2430,50652,1777,674,1011,27,17701,3367,2487,12,14113,25,9669,4001],"class_list":{"0":"post-372416","1":"post","2":"type-post","3":"status-publish","4":"format-standard","5":"has-post-thumbnail","7":"category-saint-etienne","8":"tag-actu","9":"tag-actualites","10":"tag-auvergne-rhone-alpes","11":"tag-eclairs","12":"tag-eu","13":"tag-europe","14":"tag-fr","15":"tag-france","16":"tag-grele","17":"tag-loire","18":"tag-meteo","19":"tag-news","20":"tag-orage","21":"tag-republique-francaise","22":"tag-saint-chamond","23":"tag-saint-etienne"},"share_on_mastodon":{"url":"https:\/\/pubeurope.com\/@fr\/115161704993451774","error":""},"_links":{"self":[{"href":"https:\/\/www.europesays.com\/fr\/wp-json\/wp\/v2\/posts\/372416","targetHints":{"allow":["GET"]}}],"collection":[{"href":"https:\/\/www.europesays.com\/fr\/wp-json\/wp\/v2\/posts"}],"about":[{"href":"https:\/\/www.europesays.com\/fr\/wp-json\/wp\/v2\/types\/post"}],"author":[{"embeddable":true,"href":"https:\/\/www.europesays.com\/fr\/wp-json\/wp\/v2\/users\/2"}],"replies":[{"embeddable":true,"href":"https:\/\/www.europesays.com\/fr\/wp-json\/wp\/v2\/comments?post=372416"}],"version-history":[{"count":0,"href":"https:\/\/www.europesays.com\/fr\/wp-json\/wp\/v2\/posts\/372416\/revisions"}],"wp:featuredmedia":[{"embeddable":true,"href":"https:\/\/www.europesays.com\/fr\/wp-json\/wp\/v2\/media\/372417"}],"wp:attachment":[{"href":"https:\/\/www.europesays.com\/fr\/wp-json\/wp\/v2\/media?parent=372416"}],"wp:term":[{"taxonomy":"category","embeddable":true,"href":"https:\/\/www.europesays.com\/fr\/wp-json\/wp\/v2\/categories?post=372416"},{"taxonomy":"post_tag","embeddable":true,"href":"https:\/\/www.europesays.com\/fr\/wp-json\/wp\/v2\/tags?post=372416"}],"curies":[{"name":"wp","href":"https:\/\/api.w.org\/{rel}","templated":true}]}}