{"id":372418,"date":"2025-09-07T06:55:13","date_gmt":"2025-09-07T06:55:13","guid":{"rendered":"https:\/\/www.europesays.com\/fr\/372418\/"},"modified":"2025-09-07T06:55:13","modified_gmt":"2025-09-07T06:55:13","slug":"zouma-oublie-un-autre-deal-etonnant-a-0e-evoque","status":"publish","type":"post","link":"https:\/\/www.europesays.com\/fr\/372418\/","title":{"rendered":"Zouma oubli\u00e9, un autre deal \u00e9tonnant \u00e0 0\u20ac \u00e9voqu\u00e9 !"},"content":{"rendered":"<p>\t\t\t\t\t Form\u00e9 \u00e0 l&rsquo;AS Saint-Etienne et en fin de contrat avec West Ham, Kurt Zouma aura surpris tout le monde en prenant la direction de la Roumanie et plus pr\u00e9cis\u00e9ment du CFR Cluj. De quoi laisser des regrets \u00e0 Ivan Gazidis et Eirik Horneland lors du dernier Mercato ASSE ? <\/p>\n<p>Cela aurait en effet pu \u00eatre un \u00e9norme coup pour Kilmer Sports Ventures, d&rsquo;autant plus que le CRF Cluj ne disputera finalement pas de comp\u00e9tition europ\u00e9enne cette saison. Et quand on sait que l&rsquo;ASSE a mis le paquet sur ce mercato, tout en retenant (pour le moment) Lucas Stassin et Zuriko Davitashvili, on se dit qu&rsquo;un retour de Kurt Zouma chez les Verts de St Etienne n&rsquo;\u00e9tait finalement pas si impossible que cela&#8230; <\/p>\n<p>Mais alors que le transfert de Benjamin Bouchouari vers Trabzonspor a enfin \u00e9t\u00e9 officialis\u00e9, et que cette op\u00e9ration devrait rapporter jusqu&rsquo;\u00e0 5 millions d&rsquo;euros \u00e0 l&rsquo;AS Saint-Etienne, un autre info mercato aussi surprenante que ce d\u00e9part du d\u00e9fenseur central international fran\u00e7ais Kurt Zouma \u00e0 Cluj, est tomb\u00e9e en cette fin de semaine&#8230; <\/p>\n<p>Et elle a de quoi en surprendre plus d&rsquo;un, notamment chez les pensionnaires du Stade Geoffroy-Guichard, cliquez ici pour en savoir plus : <a class=\"liens\" href=\"https:\/\/www.vivonsfoot.com\/Un-international-a-l-OM-pour-0--l-ASSE-et-le-Paris-FC-hallucinent-_a471.html\" rel=\"nofollow noopener\" target=\"_blank\"><strong>ASSE Transfert<\/strong><\/a> !\n\t\t\t\t <\/p>\n","protected":false},"excerpt":{"rendered":"Form\u00e9 \u00e0 l&rsquo;AS Saint-Etienne et en fin de contrat avec West Ham, Kurt Zouma aura surpris tout le&hellip;\n","protected":false},"author":2,"featured_media":372419,"comment_status":"","ping_status":"","sticky":false,"template":"","format":"standard","meta":{"footnotes":""},"categories":[9653],"tags":[1111,11,2430,1777,674,1011,27,12,25,4001],"class_list":{"0":"post-372418","1":"post","2":"type-post","3":"status-publish","4":"format-standard","5":"has-post-thumbnail","7":"category-saint-etienne","8":"tag-actu","9":"tag-actualites","10":"tag-auvergne-rhone-alpes","11":"tag-eu","12":"tag-europe","13":"tag-fr","14":"tag-france","15":"tag-news","16":"tag-republique-francaise","17":"tag-saint-etienne"},"share_on_mastodon":{"url":"https:\/\/pubeurope.com\/@fr\/115161708791091516","error":""},"_links":{"self":[{"href":"https:\/\/www.europesays.com\/fr\/wp-json\/wp\/v2\/posts\/372418","targetHints":{"allow":["GET"]}}],"collection":[{"href":"https:\/\/www.europesays.com\/fr\/wp-json\/wp\/v2\/posts"}],"about":[{"href":"https:\/\/www.europesays.com\/fr\/wp-json\/wp\/v2\/types\/post"}],"author":[{"embeddable":true,"href":"https:\/\/www.europesays.com\/fr\/wp-json\/wp\/v2\/users\/2"}],"replies":[{"embeddable":true,"href":"https:\/\/www.europesays.com\/fr\/wp-json\/wp\/v2\/comments?post=372418"}],"version-history":[{"count":0,"href":"https:\/\/www.europesays.com\/fr\/wp-json\/wp\/v2\/posts\/372418\/revisions"}],"wp:featuredmedia":[{"embeddable":true,"href":"https:\/\/www.europesays.com\/fr\/wp-json\/wp\/v2\/media\/372419"}],"wp:attachment":[{"href":"https:\/\/www.europesays.com\/fr\/wp-json\/wp\/v2\/media?parent=372418"}],"wp:term":[{"taxonomy":"category","embeddable":true,"href":"https:\/\/www.europesays.com\/fr\/wp-json\/wp\/v2\/categories?post=372418"},{"taxonomy":"post_tag","embeddable":true,"href":"https:\/\/www.europesays.com\/fr\/wp-json\/wp\/v2\/tags?post=372418"}],"curies":[{"name":"wp","href":"https:\/\/api.w.org\/{rel}","templated":true}]}}