{"id":372420,"date":"2025-09-07T06:58:12","date_gmt":"2025-09-07T06:58:12","guid":{"rendered":"https:\/\/www.europesays.com\/fr\/372420\/"},"modified":"2025-09-07T06:58:12","modified_gmt":"2025-09-07T06:58:12","slug":"nationale-1-federale-nancy-handball-emilien-deschamps-a-billere-ivan-panjan-vers-lespagne","status":"publish","type":"post","link":"https:\/\/www.europesays.com\/fr\/372420\/","title":{"rendered":"Nationale 1 F\u00e9d\u00e9rale. Nancy Handball : \u00c9milien Deschamps \u00e0 Bill\u00e8re, Ivan Panjan vers l\u2019Espagne"},"content":{"rendered":"<p>En peu de temps, la grande majorit\u00e9 des \u00ab partants \u00bb (du Nancy Handball) a retrouv\u00e9 chaussure \u00e0 son pied ! <a href=\"https:\/\/www.estrepublicain.fr\/sport\/2025\/09\/01\/nancy-handball-jordan-yamdjeu-a-valence-hakim-jarrar-et-ilian-goedert-vers-le-luxembourg\" target=\"_blank\" rel=\"noopener\">Alors que nous vous annoncions qu\u2019il s\u2019entra\u00eenait depuis quelques jours avec Pau-Bill\u00e8re (D2),<\/a> \u00c9milien Deschamps s\u2019est officiellement engag\u00e9 pour une saison avec le club b\u00e9arnais. Contrari\u00e9 par l\u2019absence de son jeune arri\u00e8re droit Lorenzo Briant (pubalgie), ce dernier a donc fait un \u00ab pari \u00bb en misant sur les (grandes) qualit\u00e9s de l\u2019ex-gaucher nanc\u00e9ien, de retour d\u2019une longue convalescence apr\u00e8s sa grave blessure de l\u2019hiver dernier (rupture des ligaments crois\u00e9s du genou droit).<\/p>\n<p>Encore en phase de reprise, le \u00ab Viking \u00bb du Nancy Handball (23 ans), plomb\u00e9 par les d\u00e9boires physiques lors de son ann\u00e9e en Lorraine (o\u00f9 il n\u2019aura, au final, disput\u00e9 que cinq rencontres officielles !), ne devrait d\u2019ailleurs pas \u00eatre op\u00e9rationnel avant la fin du mois.<\/p>\n<p>  Ivan Panjan au CB Cangas<\/p>\n<p>De son c\u00f4t\u00e9, Ivan Panjan (26 ans) croisera son \u00e9ph\u00e9m\u00e8re partenaire de \u00ab pr\u00e9pa \u00bb <a href=\"https:\/\/www.estrepublicain.fr\/sport\/2025\/08\/27\/nancy-handball-tahu-lufuanitu-vers-la-liga-espagnole\" target=\"_blank\" rel=\"noopener\">Tahu Lufuanitu\u2026 en Liga Asobal<\/a> ! Le gardien croate du Nancy Handball s\u2019est en effet accord\u00e9 autour d\u2019un contrat d\u2019une ann\u00e9e (assorti d\u2019une option) avec les dirigeants du CB Cangas, le club galicien onzi\u00e8me du dernier championnat d\u2019\u00e9lite espagnol. Prise de derni\u00e8re minute, l\u2019ex-portier de Sarrebourg et Saran y remplacera le Mont\u00e9n\u00e9grin, qui avait fait faux bond \u00e0 sa nouvelle formation il y a deux semaines pour rejoindre le RK Zagreb (CRO)\u2026<\/p>\n<p class=\"note\"><strong>Le point sur les derniers d\u00e9parts au Nancy Handball :<\/strong> N. Kouadio et E. Modeste (Saintes, D2), B. Clay (Frontignan, D2), T. Lufuanitu (RDC ; CB Nava, D1 esp.), J. Yamdjeu (Valence, D2), I. Panjan (CRO ; CB Cangas, D1 esp.), E. Deschamps (Pau-Bill\u00e8re, D2), H. Jarrar et I. Goedert (Red Boys Differdange, D1 lux.), R. Neel-Heude, E. Pineau-Rossi.<\/p>\n","protected":false},"excerpt":{"rendered":"En peu de temps, la grande majorit\u00e9 des \u00ab partants \u00bb (du Nancy Handball) a retrouv\u00e9 chaussure \u00e0&hellip;\n","protected":false},"author":2,"featured_media":372421,"comment_status":"","ping_status":"","sticky":false,"template":"","format":"standard","meta":{"footnotes":""},"categories":[9635],"tags":[1111,11,1704,1777,674,107,1701,1011,27,775,1792,1702,13622,1703,12,25,517,1700],"class_list":{"0":"post-372420","1":"post","2":"type-post","3":"status-publish","4":"format-standard","5":"has-post-thumbnail","7":"category-nancy","8":"tag-actu","9":"tag-actualites","10":"tag-edition-nancy-et-agglomeration","11":"tag-eu","12":"tag-europe","13":"tag-fil-info","14":"tag-fil-info-sport","15":"tag-fr","16":"tag-france","17":"tag-grand-est","18":"tag-handball","19":"tag-nancy","20":"tag-nancy-handball","21":"tag-nancy-ville-54b","22":"tag-news","23":"tag-republique-francaise","24":"tag-sport","25":"tag-sport-lorrain"},"share_on_mastodon":{"url":"https:\/\/pubeurope.com\/@fr\/115161720625952818","error":""},"_links":{"self":[{"href":"https:\/\/www.europesays.com\/fr\/wp-json\/wp\/v2\/posts\/372420","targetHints":{"allow":["GET"]}}],"collection":[{"href":"https:\/\/www.europesays.com\/fr\/wp-json\/wp\/v2\/posts"}],"about":[{"href":"https:\/\/www.europesays.com\/fr\/wp-json\/wp\/v2\/types\/post"}],"author":[{"embeddable":true,"href":"https:\/\/www.europesays.com\/fr\/wp-json\/wp\/v2\/users\/2"}],"replies":[{"embeddable":true,"href":"https:\/\/www.europesays.com\/fr\/wp-json\/wp\/v2\/comments?post=372420"}],"version-history":[{"count":0,"href":"https:\/\/www.europesays.com\/fr\/wp-json\/wp\/v2\/posts\/372420\/revisions"}],"wp:featuredmedia":[{"embeddable":true,"href":"https:\/\/www.europesays.com\/fr\/wp-json\/wp\/v2\/media\/372421"}],"wp:attachment":[{"href":"https:\/\/www.europesays.com\/fr\/wp-json\/wp\/v2\/media?parent=372420"}],"wp:term":[{"taxonomy":"category","embeddable":true,"href":"https:\/\/www.europesays.com\/fr\/wp-json\/wp\/v2\/categories?post=372420"},{"taxonomy":"post_tag","embeddable":true,"href":"https:\/\/www.europesays.com\/fr\/wp-json\/wp\/v2\/tags?post=372420"}],"curies":[{"name":"wp","href":"https:\/\/api.w.org\/{rel}","templated":true}]}}