{"id":372423,"date":"2025-09-07T07:00:24","date_gmt":"2025-09-07T07:00:24","guid":{"rendered":"https:\/\/www.europesays.com\/fr\/372423\/"},"modified":"2025-09-07T07:00:24","modified_gmt":"2025-09-07T07:00:24","slug":"auguste-cadot-depite-apres-la-defaite-concedee-contre-toulon-ca-fait-chier","status":"publish","type":"post","link":"https:\/\/www.europesays.com\/fr\/372423\/","title":{"rendered":"Auguste Cadot d\u00e9pit\u00e9 apr\u00e8s la d\u00e9faite conc\u00e9d\u00e9e contre Toulon : \u00ab \u00c7a fait chier ! \u00bb"},"content":{"rendered":"<p>Comme la saison pass\u00e9e, Montpellier a manqu\u00e9 son entr\u00e9e \u00e0 domicile. Battus par un RC Toulon sup\u00e9rieur (17-27), les H\u00e9raultais repartent frustr\u00e9s.<\/p>\n<p>Le centre <strong>Auguste Cadot<\/strong> appelle d\u00e9j\u00e0 son \u00e9quipe \u00e0 r\u00e9agir.<\/p>\n<p>Il s\u2019est confi\u00e9 via <a href=\"https:\/\/www.rugbyrama.fr\/2025\/09\/06\/top-14-auguste-cadot-montpellier-on-va-voir-si-ce-groupe-a-du-caractere-pour-se-relever-12915344.php\" rel=\"nofollow noopener\" target=\"_blank\">Midi Olympique<\/a>.<\/p>\n<p><strong>\u00ab Une grande d\u00e9sillusion \u00bb<\/strong><\/p>\n<p>Pour le joueur, cette entame laisse un go\u00fbt amer :<\/p>\n<p>\u00ab Cela fait deux mois que l\u2019on se pr\u00e9pare, on a fait une grosse pr\u00e9saison. Pour un premier match \u00e0 la maison, c\u2019est une grande d\u00e9sillusion. Que dire de plus ? On est d\u00e9go\u00fbt\u00e9s. Il va falloir se remettre au travail lundi. On a un gros d\u00e9placement \u00e0 Bayonne la semaine prochaine. Il va falloir que l\u2019on se rattrape de \u00e7a, d\u00e9j\u00e0, d\u2019entr\u00e9e. \u00bb<\/p>\n<p><strong>Une premi\u00e8re mi-temps subie<\/strong><\/p>\n<p><strong>Les Montpelli\u00e9rains ont \u00e9t\u00e9 domin\u00e9s dans l\u2019engagement :<\/strong><\/p>\n<p>\u00ab Cela a \u00e9t\u00e9 tr\u00e8s compliqu\u00e9. Apr\u00e8s, on trouve quand m\u00eame une ou deux solutions. [\u2026] La dimension physique, c\u2019est une des bases du rugby en tout cas. Si on subit, c\u2019est d\u00e9licat apr\u00e8s de pouvoir avancer, attaquer. En premi\u00e8re mi-temps, nous \u00e9tions dans l\u2019inconfort total. On est revenus avec d\u2019autres intentions, une autre \u00e9nergie mais on n\u2019a pas su le faire. \u00c7a fait chier. \u00bb<\/p>\n<p><strong>\u00ab Il fallait tout revoir \u00e0 la mi-temps \u00bb<\/strong><\/p>\n<p><strong>Cadot confirme que le discours muscl\u00e9 de son manager, Joan Caudullo, \u00e9tait justifi\u00e9 :<\/strong><\/p>\n<p>\u00ab Il a \u00e9t\u00e9 clair et \u00e9vident. [\u2026] C\u2019\u00e9tait surtout sur l\u2019\u00e9tat d\u2019esprit, l\u2019agressivit\u00e9, l\u2019intensit\u00e9 : on n\u2019y \u00e9tait pas. Il fallait qu\u2019on revoie la base du jeu. Sans parler de strat\u00e9gie ou de tactique. Il fallait qu\u2019on se remette \u00e0 plaquer, monter, d\u00e9fendre, \u00eatre agressif. Gagner la guerre des rucks parce qu\u2019on s\u2019est fait bouffer aussi. Il fallait tout revoir \u00e0 la mi-temps. \u00bb<\/p>\n","protected":false},"excerpt":{"rendered":"Comme la saison pass\u00e9e, Montpellier a manqu\u00e9 son entr\u00e9e \u00e0 domicile. Battus par un RC Toulon sup\u00e9rieur (17-27),&hellip;\n","protected":false},"author":2,"featured_media":278529,"comment_status":"","ping_status":"","sticky":false,"template":"","format":"standard","meta":{"footnotes":""},"categories":[9619],"tags":[1111,11,1777,674,1011,27,12,882,25,2310],"class_list":{"0":"post-372423","1":"post","2":"type-post","3":"status-publish","4":"format-standard","5":"has-post-thumbnail","7":"category-toulon","8":"tag-actu","9":"tag-actualites","10":"tag-eu","11":"tag-europe","12":"tag-fr","13":"tag-france","14":"tag-news","15":"tag-provence-alpes-cote-dazur","16":"tag-republique-francaise","17":"tag-toulon"},"share_on_mastodon":{"url":"https:\/\/pubeurope.com\/@fr\/115161728725308079","error":""},"_links":{"self":[{"href":"https:\/\/www.europesays.com\/fr\/wp-json\/wp\/v2\/posts\/372423","targetHints":{"allow":["GET"]}}],"collection":[{"href":"https:\/\/www.europesays.com\/fr\/wp-json\/wp\/v2\/posts"}],"about":[{"href":"https:\/\/www.europesays.com\/fr\/wp-json\/wp\/v2\/types\/post"}],"author":[{"embeddable":true,"href":"https:\/\/www.europesays.com\/fr\/wp-json\/wp\/v2\/users\/2"}],"replies":[{"embeddable":true,"href":"https:\/\/www.europesays.com\/fr\/wp-json\/wp\/v2\/comments?post=372423"}],"version-history":[{"count":0,"href":"https:\/\/www.europesays.com\/fr\/wp-json\/wp\/v2\/posts\/372423\/revisions"}],"wp:featuredmedia":[{"embeddable":true,"href":"https:\/\/www.europesays.com\/fr\/wp-json\/wp\/v2\/media\/278529"}],"wp:attachment":[{"href":"https:\/\/www.europesays.com\/fr\/wp-json\/wp\/v2\/media?parent=372423"}],"wp:term":[{"taxonomy":"category","embeddable":true,"href":"https:\/\/www.europesays.com\/fr\/wp-json\/wp\/v2\/categories?post=372423"},{"taxonomy":"post_tag","embeddable":true,"href":"https:\/\/www.europesays.com\/fr\/wp-json\/wp\/v2\/tags?post=372423"}],"curies":[{"name":"wp","href":"https:\/\/api.w.org\/{rel}","templated":true}]}}