{"id":372424,"date":"2025-09-07T07:01:16","date_gmt":"2025-09-07T07:01:16","guid":{"rendered":"https:\/\/www.europesays.com\/fr\/372424\/"},"modified":"2025-09-07T07:01:16","modified_gmt":"2025-09-07T07:01:16","slug":"sortir-a-montpellier-arabesques-karaoke-murder-party-des-idees-du-lundi-18-au-mercredi-20-septembre","status":"publish","type":"post","link":"https:\/\/www.europesays.com\/fr\/372424\/","title":{"rendered":"Sortir \u00e0 Montpellier\u00a0: Arabesques, karaok\u00e9, murder party\u2026 des id\u00e9es du lundi\u00a018 au mercredi 20\u00a0septembre"},"content":{"rendered":"<p>\n                                                                La Ville \u00e0 visage humain \u00e0 la Maison des relations internationales, avant-premi\u00e8re \u00e0 Nestor-Burma, Steve McQueen au Path\u00e9 Com\u00e9die, \u00ab\u00a0Montpellier et les rois d\u2019Aragon\u00a0\u00bb, longboard dancing \u00e0 Tropisme, Arabesques \u00e0 l\u2019op\u00e9ra, jeux \u00e0 Pierresvives, karaok\u00e9 \u00e0 Panorama ou murder party au Point Com\u00e9die.\n                            <\/p>\n<p>D\u00e9couvrez notre s\u00e9lection de sorties pour ce d\u00e9but de semaine, du lundi\u00a08 au mercredi 10\u00a0septembre, \u00e0 <a href=\"https:\/\/www.midilibre.fr\/herault\/montpellier\/\" target=\"_blank\" rel=\"nofollow noopener\">Montpellier<\/a> et faites le plein d\u2019id\u00e9es avec <a href=\"https:\/\/www.midilibre.fr\/agenda\/?path=&amp;q=&amp;where=herault%3Amontpellier&amp;insee=34172&amp;from=2025-09-08&amp;to=2025-09-10&amp;agendapg=26#2083029\" target=\"_blank\" rel=\"nofollow noopener\">notre agenda en ligne<\/a>.<\/p>\n<p>Lundi 8\u00a0septembre<\/p>\n<p>\u00ab\u00a0La Ville \u00e0 visage humain\u00a0\u00bb<\/p>\n<p>        <img decoding=\"async\" class=\"std-img__img responsive-img\" src=\"https:\/\/www.europesays.com\/fr\/wp-content\/uploads\/2025\/09\/1757228473_415_image.jpg\" alt=\"Une exposition d\u2019Habitat et Humanisme.\"\/><\/p>\n<p>                Une exposition d\u2019Habitat et Humanisme.<br \/>\n                                    D.R.<\/p>\n<p><strong>Exposition. <\/strong>Pour le 40e anniversaire du Mouvement Habitat et Humanisme et des 30 ans de l\u2019association, cette exposition photo t\u00e9moigne de quatre d\u00e9cennies d\u2019engagement en faveur des personnes en situation de pr\u00e9carit\u00e9. \u00c0 travers une s\u00e9rie de portraits, de sc\u00e8nes de vie et de t\u00e9moignages, sont mises en lumi\u00e8re les histoires de celles et ceux qui, gr\u00e2ce \u00e0 un logement adapt\u00e9 et un accompagnement de proximit\u00e9, retrouvent une place dans la soci\u00e9t\u00e9 et confiance en l\u2019avenir.<\/p>\n<p>&gt;\u00a0Du lundi\u00a08\u00a0au vendredi 12\u00a0septembre de 9\u00a0h \u00e0 12\u00a0heures et de 14\u00a0h \u00e0 17\u00a0heures \u00e0 la\u00a0<a href=\"https:\/\/www.montpellier.fr\/territoire\/lieux-equipements\/maison-des-relations-internationales-nelson-mandela#\/search@43.6133190,3.8803740,15.00\" target=\"_blank\" rel=\"nofollow noopener\">Maison des relations internationales<\/a>, 14 rue Descente en Barrat \u00e0 Montpellier. Gratuit, entr\u00e9e libre.<\/p>\n<p>Avant-premi\u00e8re\u00a0: \u00ab\u00a0Art brut et b\u00eates sauvages\u00a0\u00bb<\/p>\n<p>        <img decoding=\"async\" class=\"std-img__img responsive-img\" src=\"https:\/\/www.europesays.com\/fr\/wp-content\/uploads\/2025\/09\/1757228474_659_image.png\" alt=\"Cette s\u00e9rie a re\u00e7u le soutien financier de la R\u00e9gion Occitanie en partenariat avec le CNC et de Montpellier M\u00e9diterran\u00e9e M\u00e9tropole.\"\/><\/p>\n<p>                Cette s\u00e9rie a re\u00e7u le soutien financier de la R\u00e9gion Occitanie en partenariat avec le CNC et de Montpellier M\u00e9diterran\u00e9e M\u00e9tropole.<br \/>\n                                    C-P Productions<\/p>\n<p><strong>Cin\u00e9ma. <\/strong>En pr\u00e9sence du r\u00e9alisateur Philippe Lespinasse et de la productrice Annie Gonzalez (C-P Production). Documentaire (2025, 52&prime;). \u00c0 quoi \u00e7a sert les artistes\u00a0? On ne sait pas trop. Ils peignent, ils sculptent, ils nous emm\u00e8nent l\u00e0 o\u00f9 on ne veut pas forc\u00e9ment aller. \u00c7a fait du bien l\u2019inattendu. Ils mettent des mots ou des dessins sur des sensations qu\u2019on avait, sur des souvenirs enfouis. Ils cr\u00e9ent des instants de beaut\u00e9.<\/p>\n<p>&gt;\u00a0Lundi 8\u00a0septembre \u00e0 19\u00a0heures\u00a0au <a href=\"https:\/\/burma.montpellier.fr\/\" target=\"_blank\" rel=\"nofollow noopener\">cin\u00e9ma Nestor-Burma<\/a>, 2 rue Marcellin-Albert \u00e0 Montpellier. Gratuit, la r\u00e9servation est conseill\u00e9e au 04\u00a067\u00a072\u00a088\u00a021 ou \u00e0 cinema.nestorburma@montpellier.fr.<\/p>\n<p>Carte blanche\u00a0: \u00ab\u00a0Le Guet-apens\u00a0\u00bb<\/p>\n<p><strong>Cin\u00e9ma. <\/strong>Policier (2h02, VOST, interdit aux moins de 12 ans) de Sam Peckinpah, avec Steve McQueen, Ali McGraw, Ben Johnson. En \u00e9change de sa libert\u00e9, le d\u00e9tenu Carter McCoy doit \u00e0 sa sortie de prison r\u00e9aliser le hold-up d\u2019une banque pour le compte de Jack Benyon. Apr\u00e8s avoir abattu son complice Rudy Butler qui avait tent\u00e9 de le tuer, il s\u2019enfuit avec sa femme et l\u2019argent vol\u00e9 \u00e0 travers les \u00c9tats-Unis.<\/p>\n<p>&gt;\u00a0Lundi 8\u00a0septembre \u00e0 19\u00a0h\u00a045\u00a0au <a href=\"https:\/\/www.pathe.fr\/cinemas\/cinema-pathe-comedie\" target=\"_blank\" rel=\"nofollow noopener\">cin\u00e9ma Path\u00e9 Com\u00e9die<\/a>, 10 place de la Com\u00e9die \u00e0 Montpellier. Tarif sp\u00e9cial 8\u00a0\u20ac, moins de 14 ans 6\u00a0\u20ac.<\/p>\n<p>Mardi 9\u00a0septembre<\/p>\n<p>\u00ab\u00a0Montpellier et les rois d\u2019Aragon\u00a0\u00bb<\/p>\n<p>        <img decoding=\"async\" class=\"std-img__img responsive-img\" src=\"https:\/\/www.europesays.com\/fr\/wp-content\/uploads\/2025\/09\/1757228475_102_image.jpg\" alt=\"Laissez-vous conter une facette passionnante et peu connue de Montpellier\u2026\"\/><\/p>\n<p>                Laissez-vous conter une facette passionnante et peu connue de Montpellier\u2026<br \/>\n                                    OT3M<\/p>\n<p><strong>Visite guid\u00e9e.<\/strong>\u00a0D\u00e9couvrez le premier \u00e2ge d\u2019or de Montpellier sous les r\u00e8gnes des rois d\u2019Aragon puis de Majorque, au Moyen \u00c2ge. Vous en apprendrez plus sur l\u2019histoire de la ville mais aussi sur le quotidien des Montpelli\u00e9rains et les rapports complexes qu\u2019ils entretenaient avec ces lointains souverains, entre strat\u00e9gie \u00e9conomique, man\u0153uvre politique et fable historique. R\u00e9servation obligatoire.<\/p>\n<p>&gt;\u00a0Mardi 9\u00a0septembre de 15\u00a0h \u00e0 17\u00a0heures au d\u00e9part de la\u00a0Chambre de commerce de l\u2019H\u00e9rault, 32 Grand-rue Jean-Moulin \u00e0 Montpellier. Plein tarif 12\u00a0\u20ac, tarif r\u00e9duit 10\u00a0\u20ac\u00a0sur r\u00e9servation aupr\u00e8s de l<a href=\"https:\/\/www.montpellier-tourisme.fr\/agenda\/tout-l-agenda\/montpellier-et-les-rois-daragon-montpellier-fr-5790041\/\" target=\"_blank\" rel=\"nofollow noopener\">\u2019office de tourisme de Montpellier<\/a>. Contact au\u00a004\u00a067\u00a060\u00a060\u00a060.<\/p>\n<p>Longboard dancing<\/p>\n<blockquote data-instgrm-captioned=\"\" data-instgrm-permalink=\"https:\/\/www.instagram.com\/p\/DOGC2W5jJV9\/?utm_source=ig_embed&amp;utm_campaign=loading\" data-instgrm-version=\"14\" style=\" background:#FFF; border:0; border-radius:3px; box-shadow:0 0 1px 0 rgba(0,0,0,0.5),0 1px 10px 0 rgba(0,0,0,0.15); margin: 1px; max-width:540px; min-width:326px; padding:0; width:99.375%; width:-webkit-calc(100% - 2px); width:calc(100% - 2px);\" data-class=\"instagram-media\"\/>\n<p><strong>Animation.<\/strong> \u00ab\u00a0Que tu sois totalement d\u00e9butant\u00b7e ou d\u00e9j\u00e0 un adepte de la ride. Que tu aies 10 ans ou 66 ans. Que tu sois vert, rouge, ou bleu, que tu sois il, elle, iel et n\u2019importe quelle nuance o\u00f9 tu te sens bien. Tu n\u2019as pas de planche ou de protections\u00a0? Fais-le nous savoir, nous avons ce qu\u2019il te faut pour d\u00e9couvrir le longboard.\u00a0\u00bb<\/p>\n<p>&gt;\u00a0Les mardis de 18\u00a0h \u00e0 20\u00a0heures \u00e0 <a href=\"https:\/\/www.tropisme.coop\/\" target=\"_blank\" rel=\"nofollow noopener\">la Halle Tropisme<\/a>, 121 rue Fontcouverte \u00e0 Montpellier. Adh\u00e9sion annuelle \u00e0 5\u00a0\u20ac.<\/p>\n<p>Arabesques\u00a0: Dorsaf Hamdani, Hommage \u00e0 Oum Kalthoum<\/p>\n<p><strong>Concert. <\/strong>Dorsaf Hamdani incarne une g\u00e9n\u00e9ration de chanteuses du Maghreb et du Moyen-Orient profond\u00e9ment attach\u00e9e aux traditions musicales, tout en affirmant une modernit\u00e9 singuli\u00e8re. Parmi les figures qui ont forg\u00e9 son art, Oum Kalthoum occupe une place centrale. Sophistication, puissance vocale, virtuosit\u00e9 in\u00e9gal\u00e9e\u00a0: la grande Dame du chant arabe repr\u00e9sente pour Dorsaf un mod\u00e8le absolu, une source in\u00e9puisable d\u2019inspiration.<\/p>\n<p>&gt;\u00a0Mardi 9\u00a0septembre \u00e0 20\u00a0heures \u00e0 l\u2019Op\u00e9ra Com\u00e9die, place de la Com\u00e9die \u00e0 Montpellier. De 10 \u00e0 29\u00a0\u20ac. <a href=\"https:\/\/www.festivalarabesques.fr\/\" target=\"_blank\" rel=\"nofollow noopener\">Festival Arabesques<\/a>.<\/p>\n<p>Mercredi 10\u00a0septembre<\/p>\n<p>Et si on jouait\u00a0?\u00a0: \u00ab\u00a0Monstres et dinosaures\u00a0\u00bb<\/p>\n<p>        <img decoding=\"async\" class=\"std-img__img responsive-img\" src=\"https:\/\/www.europesays.com\/fr\/wp-content\/uploads\/2025\/09\/1757228476_710_image.jpg\" alt=\"&quot;Monstres et dinosaures&quot; sera le th\u00e8me tous les mercredis jusqu\u2019au 15\u00a0octobre.\"\/><\/p>\n<p>                \u00ab\u00a0Monstres et dinosaures\u00a0\u00bb sera le th\u00e8me tous les mercredis jusqu\u2019au 15\u00a0octobre.<br \/>\n                                    Pierresvives<\/p>\n<p><strong>Animation.<\/strong> Envie de tester et de d\u00e9couvrir des jeux de soci\u00e9t\u00e9\u00a0? Venez jouer avec l\u2019\u00e9quipe de la m\u00e9diath\u00e8que\u2026 Chaque mois, une nouvelle th\u00e9matique\u00a0!<\/p>\n<p>&gt;\u00a0Mercredi 10\u00a0septembre de 15\u00a0h \u00e0 17\u00a0heures \u00e0 la m\u00e9diath\u00e8que <a href=\"https:\/\/pierresvives.herault.fr\/\" target=\"_blank\" rel=\"nofollow noopener\">Pierresvives<\/a>, 907 rue du Professeur Blayac \u00e0 Montpellier. Jeune public. Gratuit, entr\u00e9e libre. Contact au\u00a004\u00a067\u00a067\u00a036\u00a060.<\/p>\n<p>Karaok\u00e9 open air sur le toit du Corum<\/p>\n<p><strong>F\u00eate.\u00a0<\/strong>\u00ab\u00a0Viens chanter tes tubes pr\u00e9f\u00e9r\u00e9s avec tous tes ami\u00b7e\u00b7s\u00a0! Un \u00e9cran de 5 m\u00e8tres, un bon sound system, des micros, des lumi\u00e8res, et pour ambiancer tout \u00e7a la reine de l\u2019animation, Vanina\u00a0!\u00a0\u00bb<\/p>\n<p>&gt;\u00a0Mercredi 10\u00a0septembre de 20\u00a0h \u00e0 23\u00a0heures \u00e0 <a href=\"https:\/\/panorama.coop\/\" target=\"_blank\" rel=\"nofollow noopener\">Panorama<\/a>, sur le toit du Corum \u00e0 Montpellier. Gratuit, entr\u00e9e libre.<\/p>\n<p>Cata-Cosmic<\/p>\n<p>        <img decoding=\"async\" class=\"std-img__img responsive-img\" src=\"https:\/\/www.europesays.com\/fr\/wp-content\/uploads\/2025\/09\/1757228476_560_image.jpg\" alt=\"Avec Tiphaine Ivanes et Delphine Esperce.\"\/><\/p>\n<p>                Avec Tiphaine Ivanes et Delphine Esperce.<br \/>\n                                    D.R.<\/p>\n<p><strong>Murder party.<\/strong> Un \u00e9quipage se retrouve pi\u00e9g\u00e9 dans leur propre vaisseau, un membre de l\u2019\u00e9quipe Jerem-x s\u2019est fait propulser dans la galaxie. Le sas a \u00e9t\u00e9 verrouill\u00e9 et rien ne peut l\u2019ouvrir. Qui parmi les survivantes et machines est la coupable\u00a0? Dans cette affaire, seuls vous, les Terriens, \u00eates qualifi\u00e9s pour mener l\u2019enqu\u00eate\u2026<\/p>\n<p>&gt;\u00a0Mercredi 10\u00a0septembre\u00a0\u00e0 21\u00a0heures au <a href=\"https:\/\/www.lepointcomedie.fr\/\" target=\"_blank\" rel=\"nofollow noopener\">th\u00e9\u00e2tre Le Point Com\u00e9die<\/a>, 9 rue Sainte-Ursule \u00e0 Montpellier. Tarif unique 22\u00a0\u20ac. Contact au\u00a006\u00a004\u00a014\u00a076\u00a008.<\/p>\n<p>                                                                                                                                                                                                        <script async src=\"\/\/www.instagram.com\/embed.js\"><\/script><\/p>\n","protected":false},"excerpt":{"rendered":"La Ville \u00e0 visage humain \u00e0 la Maison des relations internationales, avant-premi\u00e8re \u00e0 Nestor-Burma, Steve McQueen au Path\u00e9&hellip;\n","protected":false},"author":2,"featured_media":372425,"comment_status":"","ping_status":"","sticky":false,"template":"","format":"standard","meta":{"footnotes":""},"categories":[9599],"tags":[1111,11,1777,674,1011,27,2208,12,2680,25],"class_list":{"0":"post-372424","1":"post","2":"type-post","3":"status-publish","4":"format-standard","5":"has-post-thumbnail","7":"category-montpellier","8":"tag-actu","9":"tag-actualites","10":"tag-eu","11":"tag-europe","12":"tag-fr","13":"tag-france","14":"tag-montpellier","15":"tag-news","16":"tag-occitanie","17":"tag-republique-francaise"},"share_on_mastodon":{"url":"https:\/\/pubeurope.com\/@fr\/115161732622009740","error":""},"_links":{"self":[{"href":"https:\/\/www.europesays.com\/fr\/wp-json\/wp\/v2\/posts\/372424","targetHints":{"allow":["GET"]}}],"collection":[{"href":"https:\/\/www.europesays.com\/fr\/wp-json\/wp\/v2\/posts"}],"about":[{"href":"https:\/\/www.europesays.com\/fr\/wp-json\/wp\/v2\/types\/post"}],"author":[{"embeddable":true,"href":"https:\/\/www.europesays.com\/fr\/wp-json\/wp\/v2\/users\/2"}],"replies":[{"embeddable":true,"href":"https:\/\/www.europesays.com\/fr\/wp-json\/wp\/v2\/comments?post=372424"}],"version-history":[{"count":0,"href":"https:\/\/www.europesays.com\/fr\/wp-json\/wp\/v2\/posts\/372424\/revisions"}],"wp:featuredmedia":[{"embeddable":true,"href":"https:\/\/www.europesays.com\/fr\/wp-json\/wp\/v2\/media\/372425"}],"wp:attachment":[{"href":"https:\/\/www.europesays.com\/fr\/wp-json\/wp\/v2\/media?parent=372424"}],"wp:term":[{"taxonomy":"category","embeddable":true,"href":"https:\/\/www.europesays.com\/fr\/wp-json\/wp\/v2\/categories?post=372424"},{"taxonomy":"post_tag","embeddable":true,"href":"https:\/\/www.europesays.com\/fr\/wp-json\/wp\/v2\/tags?post=372424"}],"curies":[{"name":"wp","href":"https:\/\/api.w.org\/{rel}","templated":true}]}}