{"id":372426,"date":"2025-09-07T07:02:18","date_gmt":"2025-09-07T07:02:18","guid":{"rendered":"https:\/\/www.europesays.com\/fr\/372426\/"},"modified":"2025-09-07T07:02:18","modified_gmt":"2025-09-07T07:02:18","slug":"costaud-et-entreprenant-mais-pas-assez-efficace-montpellier-laisse-echapper-la-victoire-en-ouverture-de-la-saison","status":"publish","type":"post","link":"https:\/\/www.europesays.com\/fr\/372426\/","title":{"rendered":"Costaud et entreprenant mais pas assez efficace, Montpellier laisse \u00e9chapper la victoire en ouverture de la saison"},"content":{"rendered":"<p>\n                                                                Avant de recevoir l\u2019ogre lavallois, samedi (18h45) au Palais des sports Coubertin, le MMF a d\u00fb partager les points avec le vice-champion de France en titre.\n                            <\/p>\n<p>Au bout d\u2019un \u00e9t\u00e9 de patience, les amoureux du Montpellier M\u00e9diterran\u00e9e Futsal ont \u00e9t\u00e9 servis. S\u2019ils n\u2019ont pas rempli les trav\u00e9es du Palais des sports montpelli\u00e9rain, ils ont assist\u00e9 \u00e0 un premier choc de Division 1 qui a tenu toutes ses promesses entre un MMF demi-finaliste la saison derni\u00e8re et le vice-champion de France en titre.<\/p>\n<p>Les locaux, orphelins de Naoufel Aberkan, Jhonatan et de leur recrue phare Nicolas Menendez, ont sign\u00e9 un d\u00e9but de match satisfaisant. Solides d\u00e9fensivement, ils se montraient efficaces dans les transitions et donc dangereux devant le but adverse. Lanc\u00e9 en profondeur par le capitaine Khalid Kouri, Amine Gueddoura servait parfaitement Joaquin qui inscrivait le premier but de la saison (1-0, 2e).<\/p>\n<p>Le reste de la premi\u00e8re p\u00e9riode \u00e9tait engag\u00e9, agr\u00e9able et domin\u00e9 par Montpellier. Mohamed Diaoune manquait l\u2019occasion de doubler la mise (6e), la frappe d\u2019Edimar s\u2019\u00e9crasait sur la barre transversale (16e). Mais les hommes de Mohamed Nezlioui se faisaient surprendre en fin de mi-temps. Les Rhodaniens de Goal FC marquaient deux buts en autant de minutes pour virer en t\u00eate \u00e0 la pause (1-2, 20e).<\/p>\n<p>Le MMF domine mais ne gagne pas<\/p>\n<p>Dans le deuxi\u00e8me acte, le MMF dominait assez largement les d\u00e9bats. Apr\u00e8s plusieurs opportunit\u00e9s manqu\u00e9es, les H\u00e9raultais \u00e9galisaient gr\u00e2ce au nouveau venu, l\u2019international alg\u00e9rien Selim Meziani (2-2, 28e).<\/p>\n<p>Ils poussaient ensuite pour l\u2019emporter. Le gardien lyonnais Gabriel La Rocca r\u00e9alisait deux parades cons\u00e9cutives (33e) et Diaoune ne se montrait pas assez opportuniste pour pousser le ballon au fond (34e). Les deux formations candidates pour une deuxi\u00e8me qualification cons\u00e9cutive en phases finales se quittaient sur ce score nul qui semblait satisfaire davantage les visiteurs que les Montpelli\u00e9rains.<\/p>\n<p>La saison est lanc\u00e9e et le MMF donne rendez-vous \u00e0 son public samedi prochain (18h45) avec la r\u00e9ception de Laval, triple champion de France en titre. Un nouveau choc en perspective.<\/p>\n<p>    Fiche technique<\/p>\n<p>MONTPELLIER\u2026 2<br \/>GOAL FC\u2026 2<br \/>Palais des sports Coubertin<br \/>Mi-temps\u00a0: 1-2<br \/>Buts\u00a0: Joaquin (2e), Meziani (28e) pour Montpellier\u00a0; Boumezou (18e), El Idrissi (20e) pour Goal FC<br \/>Montpellier\u00a0: Stefano, Bouktab \u2013 Joaquin, Rezzoug, Gueddoura, Kouri, Erraddaf, Meziani, Diaoune, Edimar, Diop. Ent.\u00a0: Nezlioui.<br \/>Goal FC\u00a0: La Rocca, De Souza, Oliveira, El Idrissi, Ramirez, Le Pessot, Asname, Boumezou, Ayoubi, Sow, Ramsamy, Nasri.<\/p>\n","protected":false},"excerpt":{"rendered":"Avant de recevoir l\u2019ogre lavallois, samedi (18h45) au Palais des sports Coubertin, le MMF a d\u00fb partager les&hellip;\n","protected":false},"author":2,"featured_media":372427,"comment_status":"","ping_status":"","sticky":false,"template":"","format":"standard","meta":{"footnotes":""},"categories":[9599],"tags":[1111,11,1777,674,1011,27,2208,12,2680,25],"class_list":{"0":"post-372426","1":"post","2":"type-post","3":"status-publish","4":"format-standard","5":"has-post-thumbnail","7":"category-montpellier","8":"tag-actu","9":"tag-actualites","10":"tag-eu","11":"tag-europe","12":"tag-fr","13":"tag-france","14":"tag-montpellier","15":"tag-news","16":"tag-occitanie","17":"tag-republique-francaise"},"share_on_mastodon":{"url":"https:\/\/pubeurope.com\/@fr\/115161736306685559","error":""},"_links":{"self":[{"href":"https:\/\/www.europesays.com\/fr\/wp-json\/wp\/v2\/posts\/372426","targetHints":{"allow":["GET"]}}],"collection":[{"href":"https:\/\/www.europesays.com\/fr\/wp-json\/wp\/v2\/posts"}],"about":[{"href":"https:\/\/www.europesays.com\/fr\/wp-json\/wp\/v2\/types\/post"}],"author":[{"embeddable":true,"href":"https:\/\/www.europesays.com\/fr\/wp-json\/wp\/v2\/users\/2"}],"replies":[{"embeddable":true,"href":"https:\/\/www.europesays.com\/fr\/wp-json\/wp\/v2\/comments?post=372426"}],"version-history":[{"count":0,"href":"https:\/\/www.europesays.com\/fr\/wp-json\/wp\/v2\/posts\/372426\/revisions"}],"wp:featuredmedia":[{"embeddable":true,"href":"https:\/\/www.europesays.com\/fr\/wp-json\/wp\/v2\/media\/372427"}],"wp:attachment":[{"href":"https:\/\/www.europesays.com\/fr\/wp-json\/wp\/v2\/media?parent=372426"}],"wp:term":[{"taxonomy":"category","embeddable":true,"href":"https:\/\/www.europesays.com\/fr\/wp-json\/wp\/v2\/categories?post=372426"},{"taxonomy":"post_tag","embeddable":true,"href":"https:\/\/www.europesays.com\/fr\/wp-json\/wp\/v2\/tags?post=372426"}],"curies":[{"name":"wp","href":"https:\/\/api.w.org\/{rel}","templated":true}]}}