{"id":372430,"date":"2025-09-07T07:06:31","date_gmt":"2025-09-07T07:06:31","guid":{"rendered":"https:\/\/www.europesays.com\/fr\/372430\/"},"modified":"2025-09-07T07:06:31","modified_gmt":"2025-09-07T07:06:31","slug":"il-etait-une-fois-le-dauphine-libere-notre-journal-prenait-son-envol-il-y-a-80-ans","status":"publish","type":"post","link":"https:\/\/www.europesays.com\/fr\/372430\/","title":{"rendered":"Il \u00e9tait une fois Le Dauphin\u00e9 Lib\u00e9r\u00e9&#8230;. Notre journal prenait son envol il y a 80 ans"},"content":{"rendered":"<p>On pensait d\u00e9buter simplement par\u00a0: \u00ab\u00a0Il \u00e9tait une fois\u00a0\u00bb, comme pour toutes les belles histoires, sauf qu\u2019en plongeant dans les archives du journal, on s\u2019est rendu compte que \u00e7a ne s\u2019\u00e9tait pas pass\u00e9 comme \u00e7a. Et qu\u2019il a fallu s\u2019y reprendre \u00e0 deux, et m\u00eame \u00e0 trois fois.<\/p>\n<p>Le Dauphin\u00e9 Lib\u00e9r\u00e9 est n\u00e9 le 7\u00a0septembre 1945, apr\u00e8s deux \u00e9checs. L\u2019un \u00e0 l\u2019\u00e9t\u00e9 1944 par manque d\u2019hommes, le lourd tribut pay\u00e9 \u00e0 la guerre, l\u2019autre en janvier, pour ne pas avoir su s\u2019entendre avec les Allobroges sur l\u2019id\u00e9e d\u2019un journal commun. Il a donc fallu que quatre r\u00e9sistants de la premi\u00e8re heure se d\u00e9cident \u00e0 prendre les choses en main, renverser la table et le destin. Georges Cazeneuve, postier et pigiste sportif, Elie Vernet, tripier, Alix Berthet, instituteur et Louis Richerot, h\u00f4telier. Avec l\u2019aide de journalistes dans chacun des d\u00e9partements de la zone de diffusion.<\/p>\n<p>  &#13;<br \/>\n      <a href=\"https:\/\/cdn-s-www.ledauphine.com\/images\/ad39fecd-5da6-455b-be4e-1d56cbdb482b\/NW_raw\/photo-le-dl-bertrand-riotord-1757099950.jpg\" title=\"Photo Le DL\/Bertrand Riotord\" class=\"chocolat-image GA-tracking\" data-ga_type=\"click\" data-ga_category=\"D\u00e9tail\" data-ga_action=\"zoomer\" data-ga_label=\"agrandir image\" rel=\"nofollow noopener\" target=\"_blank\">&#13;<br \/>\n          <img loading=\"lazy\" decoding=\"async\" src=\"https:\/\/www.europesays.com\/fr\/wp-content\/uploads\/2025\/09\/photo-le-dl-bertrand-riotord-1757099950.jpg\" data-mobile=\"NW_listC_M|1757099950\" data-base=\"NW_listC|1757099950\" alt=\"Photo Le DL\/Bertrand Riotord\"\/>&#13;<br \/>\n      <\/a>&#13;<\/p>\n<p>Photo Le DL\/Bertrand Riotord<\/p>\n<p>&#13;<\/p>\n<p>Le 7\u00a0septembre 1945, Le Dauphin\u00e9 Lib\u00e9r\u00e9 est donc imprim\u00e9 pour la premi\u00e8re fois, \u00e0 moins de 100\u00a0000 exemplaires sur les presses de la rue Denfert-Rochereau \u00e0 Grenoble. Une page recto verso, pas plus, faute de papier, vendue 2\u00a0francs, avec en Une un \u00e9dito qui a travers\u00e9 l\u2019Histoire\u00a0: Le libre journal des Hommes libres, un article sur Hiroshima, un autre sur \u00c9lisabeth d\u2019Angleterre et enfin l\u2019annonce d\u2019une conf\u00e9rence sur la paix. D\u00e9j\u00e0. Les infos locales \u00e9tant publi\u00e9es au verso.<\/p>\n<p>Le temps a pass\u00e9, 80 ans jour pour jour. Un anniversaire avec 80 bougies et un gros g\u00e2teau pour les souffler. Les fondateurs ne sont plus l\u00e0, mais le nom de Cazeneuve, premier directeur de publication, a travers\u00e9 le si\u00e8cle. Les neveux de Georges, Fran\u00e7ois et Thierry, ont laiss\u00e9 eux aussi leur nom dans l\u2019histoire du journal, le premier avec ses bons mots dans l\u2019\u00e9dition de Grenoble, le second aux sports et en tant que directeur du Crit\u00e9rium. Alors on a appel\u00e9 Fran\u00e7ois pour l\u2019inviter \u00e0 passer nous voir, on l\u2019a laiss\u00e9 parler et il a racont\u00e9 le reste\u2026 Tout le reste.<\/p>\n<p class=\"note\">Lire l&rsquo;interview de Fran\u00e7ois Cazeneuve <a href=\"https:\/\/www.ledauphine.com\/actualite\/2025\/09\/05\/et-francois-est-venu-nous-raconter-le-dauphine-libere?preview=true\" target=\"_blank\" rel=\"nofollow noopener\">ici<\/a>.<\/p>\n","protected":false},"excerpt":{"rendered":"On pensait d\u00e9buter simplement par\u00a0: \u00ab\u00a0Il \u00e9tait une fois\u00a0\u00bb, comme pour toutes les belles histoires, sauf qu\u2019en plongeant&hellip;\n","protected":false},"author":2,"featured_media":372431,"comment_status":"","ping_status":"","sticky":false,"template":"","format":"standard","meta":{"footnotes":""},"categories":[9566],"tags":[1111,11,2430,112,1777,674,107,1011,27,2731,108,12,25,273,104],"class_list":{"0":"post-372430","1":"post","2":"type-post","3":"status-publish","4":"format-standard","5":"has-post-thumbnail","7":"category-grenoble","8":"tag-actu","9":"tag-actualites","10":"tag-auvergne-rhone-alpes","11":"tag-edition-grenoble-agglomeration","12":"tag-eu","13":"tag-europe","14":"tag-fil-info","15":"tag-fr","16":"tag-france","17":"tag-grenoble","18":"tag-isere","19":"tag-news","20":"tag-republique-francaise","21":"tag-selection-de-la-redaction","22":"tag-societe"},"share_on_mastodon":{"url":"https:\/\/pubeurope.com\/@fr\/115161752122210608","error":""},"_links":{"self":[{"href":"https:\/\/www.europesays.com\/fr\/wp-json\/wp\/v2\/posts\/372430","targetHints":{"allow":["GET"]}}],"collection":[{"href":"https:\/\/www.europesays.com\/fr\/wp-json\/wp\/v2\/posts"}],"about":[{"href":"https:\/\/www.europesays.com\/fr\/wp-json\/wp\/v2\/types\/post"}],"author":[{"embeddable":true,"href":"https:\/\/www.europesays.com\/fr\/wp-json\/wp\/v2\/users\/2"}],"replies":[{"embeddable":true,"href":"https:\/\/www.europesays.com\/fr\/wp-json\/wp\/v2\/comments?post=372430"}],"version-history":[{"count":0,"href":"https:\/\/www.europesays.com\/fr\/wp-json\/wp\/v2\/posts\/372430\/revisions"}],"wp:featuredmedia":[{"embeddable":true,"href":"https:\/\/www.europesays.com\/fr\/wp-json\/wp\/v2\/media\/372431"}],"wp:attachment":[{"href":"https:\/\/www.europesays.com\/fr\/wp-json\/wp\/v2\/media?parent=372430"}],"wp:term":[{"taxonomy":"category","embeddable":true,"href":"https:\/\/www.europesays.com\/fr\/wp-json\/wp\/v2\/categories?post=372430"},{"taxonomy":"post_tag","embeddable":true,"href":"https:\/\/www.europesays.com\/fr\/wp-json\/wp\/v2\/tags?post=372430"}],"curies":[{"name":"wp","href":"https:\/\/api.w.org\/{rel}","templated":true}]}}