{"id":372432,"date":"2025-09-07T07:07:18","date_gmt":"2025-09-07T07:07:18","guid":{"rendered":"https:\/\/www.europesays.com\/fr\/372432\/"},"modified":"2025-09-07T07:07:18","modified_gmt":"2025-09-07T07:07:18","slug":"elections-municipales-de-grenoble-lucille-lheureux-fait-exploser-le-recit-de-la-municipalite-sortante","status":"publish","type":"post","link":"https:\/\/www.europesays.com\/fr\/372432\/","title":{"rendered":"Elections municipales de Grenoble : Lucille Lheureux fait exploser le r\u00e9cit de la municipalit\u00e9 sortante"},"content":{"rendered":"<p class=\"content\">\n    Lucile Lheureux fait exploser la vitrine LFI &#8211; Les Verts de Grenoble ou l&rsquo;affaire de trop : au d\u00e9but, le d\u00e9part d&rsquo;Erwan Lecoeur, le cerveau de la campagne 2014. Puis le d\u00e9part d&rsquo;Enzo Lesourt, le + proche de la campagne 2014. Ensuite l&rsquo;affaire Elisa Martin. Et maintenant c&rsquo;est Lucile Lheureux qui fait \u00e9tat d&rsquo;accusations graves contre le \u00ab\u00a0syst\u00e8me Piolle\u00a0\u00bb. Ses mots sont d&rsquo;une quasi cruaut\u00e9 : \u00ab\u00a0moi qui suis grenobloise\u00a0\u00bb \/ Eric Piolle qui est b\u00e9arnais ou Laurence Ruffin des Hauts de France. Elle poursuit \u00ab\u00a0je reste debout\u00a0\u00bb donc qui ne \u00ab\u00a0reste pas d\u00e9bout\u00a0\u00bb et pourquoi ? Pour quelles conditions ? Chaque mot est choisi avec minutie. <\/p>\n<p>Et dans les couloirs de l&rsquo;H\u00f4tel de ville, d&rsquo;autres \u00ab\u00a0rumeurs\u00a0\u00bb naissent comme cet \u00ab\u00a0intellectuel\u00a0\u00bb tr\u00e8s actif dans la campagne 2014 se pr\u00e9sentant comme \u00ab\u00a0neutre\u00a0\u00bb et qui finalement serait tout simplement le cousin du candidat d&rsquo;alors &#8230; <\/p>\n<p>La municipale chez les Verts &#8211; LFI grenoblois promet de feuilletonner dans l&rsquo;ambiance actuelle  <\/p>\n<p>  Partagez cet article :<\/p>\n","protected":false},"excerpt":{"rendered":"Lucile Lheureux fait exploser la vitrine LFI &#8211; Les Verts de Grenoble ou l&rsquo;affaire de trop : au&hellip;\n","protected":false},"author":2,"featured_media":193999,"comment_status":"","ping_status":"","sticky":false,"template":"","format":"standard","meta":{"footnotes":""},"categories":[9566],"tags":[1111,11,2430,1777,674,1011,27,2731,12,25],"class_list":{"0":"post-372432","1":"post","2":"type-post","3":"status-publish","4":"format-standard","5":"has-post-thumbnail","7":"category-grenoble","8":"tag-actu","9":"tag-actualites","10":"tag-auvergne-rhone-alpes","11":"tag-eu","12":"tag-europe","13":"tag-fr","14":"tag-france","15":"tag-grenoble","16":"tag-news","17":"tag-republique-francaise"},"share_on_mastodon":{"url":"https:\/\/pubeurope.com\/@fr\/115161756037654789","error":""},"_links":{"self":[{"href":"https:\/\/www.europesays.com\/fr\/wp-json\/wp\/v2\/posts\/372432","targetHints":{"allow":["GET"]}}],"collection":[{"href":"https:\/\/www.europesays.com\/fr\/wp-json\/wp\/v2\/posts"}],"about":[{"href":"https:\/\/www.europesays.com\/fr\/wp-json\/wp\/v2\/types\/post"}],"author":[{"embeddable":true,"href":"https:\/\/www.europesays.com\/fr\/wp-json\/wp\/v2\/users\/2"}],"replies":[{"embeddable":true,"href":"https:\/\/www.europesays.com\/fr\/wp-json\/wp\/v2\/comments?post=372432"}],"version-history":[{"count":0,"href":"https:\/\/www.europesays.com\/fr\/wp-json\/wp\/v2\/posts\/372432\/revisions"}],"wp:featuredmedia":[{"embeddable":true,"href":"https:\/\/www.europesays.com\/fr\/wp-json\/wp\/v2\/media\/193999"}],"wp:attachment":[{"href":"https:\/\/www.europesays.com\/fr\/wp-json\/wp\/v2\/media?parent=372432"}],"wp:term":[{"taxonomy":"category","embeddable":true,"href":"https:\/\/www.europesays.com\/fr\/wp-json\/wp\/v2\/categories?post=372432"},{"taxonomy":"post_tag","embeddable":true,"href":"https:\/\/www.europesays.com\/fr\/wp-json\/wp\/v2\/tags?post=372432"}],"curies":[{"name":"wp","href":"https:\/\/api.w.org\/{rel}","templated":true}]}}