{"id":372433,"date":"2025-09-07T07:08:10","date_gmt":"2025-09-07T07:08:10","guid":{"rendered":"https:\/\/www.europesays.com\/fr\/372433\/"},"modified":"2025-09-07T07:08:10","modified_gmt":"2025-09-07T07:08:10","slug":"faut-il-instaurer-un-couvre-feu-a-rennes-la-proposition-choc-du-candidat-lr-aux-municipales-de-2026-interview","status":"publish","type":"post","link":"https:\/\/www.europesays.com\/fr\/372433\/","title":{"rendered":"Faut-il instaurer un couvre-feu \u00e0 Rennes\u00a0? La proposition choc du candidat LR aux municipales de 2026 [Interview]"},"content":{"rendered":"<p>Vous lancez votre campagne sur le th\u00e8me de la s\u00e9curit\u00e9. Pourquoi celui-l\u00e0 ?<\/p>\n<p>Nous avons men\u00e9 une consultation avant les vacances. Nous avons frapp\u00e9 \u00e0 3 000 portes. Il en ressort que le probl\u00e8me num\u00e9ro un des Rennais, actuellement, c\u2018\u00a0est l\u2019ins\u00e9curit\u00e9. On assiste depuis 2019-2020 \u00e0 un d\u00e9rapage. Certes, des mesures ont \u00e9t\u00e9 prises, avec des installations de cam\u00e9ras et des effectifs suppl\u00e9mentaires. Mais on voit un d\u00e9crochage. Depuis le d\u00e9but de l\u2019ann\u00e9e, il y a eu une vingtaine d\u2019attaques au couteau et cinq morts, dont trois dues au narcotrafic. Quand Rennes fait la Une des journaux, ce n\u2019est pas pour les bonnes nouvelles. On le constate globalement en France mais ici, il y a aussi \u00e0 des mauvais choix de la municipalit\u00e9. Le prisme id\u00e9ologique emp\u00eache les bonnes solutions d\u2019\u00eatre mises en place.<\/p>\n<p>Quelles sont vos principales propositions ?<\/p>\n<p>Il faut plus de bleu sur la voie publique. Nous souhaitons donc doubler les effectifs de police municipale et passer au moins \u00e0 200. Il faut revoir leur mission et les armer, comme l\u2019ont fait les maires de Bordeaux et Saint-Nazaire, qui ne sont pourtant pas de droite. Nous voulons aussi tripler le nombre de cam\u00e9ras de vid\u00e9osurveillance pour \u00eatre au moins au niveau d\u2019une ville comme Angers, par exemple.<\/p>\n<p>Comment vous financeriez ces mesures qui ne sont pas neutres pour le budget de la collectivit\u00e9 ?<\/p>\n<p>C\u2019est en cours de chiffrage. Effectivement, nous savons que Rennes est la quatri\u00e8me ville la plus endett\u00e9e de France. Notre capacit\u00e9 d\u2019investissement sera tr\u00e8s r\u00e9duite. L\u2019objectif est d\u2019identifier des marges de man\u0153uvre.<\/p>\n<p>Vous avez des pistes d\u2019\u00e9conomies ?<\/p>\n<p>On a d\u00e9j\u00e0 fait un certain nombre de propositions, notamment un moratoire sur le projet de destruction du parking Vilaine et sur les subventions.<\/p>\n<p>Vous \u00e9voquez aussi la mise en place d\u2019un couvre-feu\u2026<\/p>\n<p>On sait qu\u2019il va y avoir d\u2019autres fusillades et qu\u2019il peut y avoir d\u2019autres morts. Ce couvre-feu sera utilis\u00e9 quand c\u2019est n\u00e9cessaire dans certains quartiers pour calmer le jeu, rassurer la population et laisser les forces de l\u2019ordre faire leur travail. Cela a \u00e9t\u00e9 utilis\u00e9 \u00e0 Limoges et \u00e0 B\u00e9ziers. Cela fonctionne quand il y a suffisamment d\u2019effectifs de police. Nous voulons aussi travailler avec les bailleurs sociaux en coordination avec eux pour r\u00e9fl\u00e9chir \u00e0 l\u2019expulsion des d\u00e9linquants ou la suppression des allocations sociales, au cas par cas, car nous savons qu\u2019il y a des familles monoparentales. L\u2019objectif, c\u2019est de sanctionner quand il le faudra, l\u00e0 o\u00f9 c\u2019est n\u00e9cessaire, pour ramener la tranquillit\u00e9 dans les quartiers.<\/p>\n<p>Comment faire respecter un \u00e9ventuel couvre-feu dans ces quartiers tr\u00e8s peupl\u00e9s o\u00f9, de plus, on sait que des armes circulent ?<\/p>\n<p>Cela passe par une coop\u00e9ration \u00e9troite entre la Police nationale et la police municipale, ainsi que des effectifs en nombre suffisant. Une pr\u00e9sence est \u00e9galement n\u00e9cessaire en amont pour faire de la pr\u00e9vention sur le terrain. Avec un arr\u00eat\u00e9 municipal d\u00e9finissant les rues et les heures, le cadre l\u00e9gal est pos\u00e9, ce qui permet l\u2019action de la police. Cette d\u00e9cision sera prise quand n\u00e9cessaire lors de fusillades ou r\u00e8glements de compte. Cela permettra de r\u00e9tablir le calme sur un temps donn\u00e9, comme \u00e0 Limoges, et de responsabiliser les riverains.<\/p>\n<blockquote><p>Je reprends Jacques Chirac : la v\u00e9ritable union se fait par les id\u00e9es, pas par les \u00e9gos<\/p><\/blockquote>\n<p>Tout le monde, Nathalie App\u00e9r\u00e9 comme les syndicats de police, s\u2019accorde pour dire qu\u2019il n\u2019y a pas assez d\u2019effectifs de Police nationale \u00e0 Rennes. Vous, maire, comment faites-vous pour obtenir des renforts ?<\/p>\n<p>En coordination avec le ministre de l\u2019Int\u00e9rieur. L\u2019ann\u00e9e derni\u00e8re, nous lui avons d\u2019ailleurs \u00e9crit pour lui demander de classer Rennes en secteur difficile. Mais Madame App\u00e9r\u00e9 ne peut pas se d\u00e9douaner de sa responsabilit\u00e9.<\/p>\n<p>Puisqu\u2019on parle du ministre de l\u2019Int\u00e9rieur : sur votre tract de campagne, vous vous affichez avec Bruno Retailleau, qui est aussi le pr\u00e9sident de votre parti. Vous pensez que c\u2019est porteur \u00e9lectoralement dans une ville de gauche comme Rennes ?<\/p>\n<p>C\u2018\u00a0est quelqu\u2019un qui rassemble tr\u00e8s largement au centre droit et \u00e0 droite. Je le vois dans nos adh\u00e9sions. Avant lui, nous \u00e9tions \u00e0 400 adh\u00e9rents en Ille-et-Vilaine. Nous sommes aujourd\u2019hui \u00e0 1 300. Et quand on analyse des sondages, une partie de la gauche partage aussi les id\u00e9es de Bruno Retailleau, notamment en mati\u00e8re d\u2019ins\u00e9curit\u00e9.<\/p>\n<p>Votre candidature ne vise-t-elle pas avant tout \u00e0 r\u00e9installer LR dans le paysage politique rennais alors que le parti n\u2019est plus repr\u00e9sent\u00e9 au conseil municipal ?<\/p>\n<p>Il n\u2018\u00a0y a pas de d\u00e9marche partisane. Il y a une volont\u00e9 de porter ce projet avec une \u00e9quipe qui est tr\u00e8s soud\u00e9e. C\u2019est pour \u00e7a aussi que j\u2019ai voulu pr\u00e9senter un tiers de la liste en cette rentr\u00e9e. Ces personnes sont avec moi depuis des ann\u00e9es, elles se sont \u00e9norm\u00e9ment investies sur le terrain comme sur le programme. Elles apporteront une grande valeur ajout\u00e9e \u00e0 la future \u00e9quipe. C\u2019est un rassemblement large, avec des gaullistes, des lib\u00e9raux, des chr\u00e9tiens-d\u00e9mocrates. Des centristes seront \u00e9galement avec nous. Nous avons des personnes pr\u00e9sentes dans tous les quartiers. Des commer\u00e7ants, des artisans, des fonctionnaires.<\/p>\n<p>Vous venez donc de lancer votre campagne. Est-ce une mani\u00e8re de couper court \u00e0 tout rapprochement avec Charles Compagnon et Carole Gandon ?<\/p>\n<p>Non. D\u2019abord, je tiens \u00e0 dire une chose : mon adversaire politique num\u00e9ro 1, c\u2019est la France insoumise. C\u2019est elle qui souhaite d\u00e9sarmer la police municipale. C\u2019est dangereux et irresponsable. Nous, <a href=\"https:\/\/www.letelegramme.fr\/ille-et-vilaine\/rennes-35000\/a-rennes-comment-lr-prepare-lapres-appere-podcast-6575622.php\" target=\"_blank\" rel=\"noopener\">nous voulons construire l\u2019apr\u00e8s-App\u00e9r\u00e9<\/a>. Il ne s\u2019agit pas d\u2019une alliance d\u2019\u00e9tiquette. Je crois plut\u00f4t en un accord de rupture et en un grand rassemblement des forces d\u2019alternance, sur un projet simple. Les discussions sont en cours depuis d\u00e9j\u00e0 quelques mois. Nous avons propos\u00e9 en mai dernier une base programmatique simple avec nos engagements et nos quatre th\u00e8mes de campagne : Rennes en s\u00e9curit\u00e9, Rennes pour tous, mieux vivre \u00e0 Rennes et fiers d\u2018\u00a0\u00eatre Rennais. Tout a \u00e9t\u00e9 mis sur la table. Je reprends ce que disait Jacques Chirac : la v\u00e9ritable union, elle se fait par les id\u00e9es, pas par les \u00e9gos.<\/p>\n<p>La question de la t\u00eate de liste, et donc de la personnalit\u00e9 candidate au poste de maire, se posera in\u00e9vitablement. Vous \u00eates pr\u00eat \u00e0 c\u00e9der la place de num\u00e9ro 1 \u00e0 Charles Compagnon ?<\/p>\n<p>Pour l\u2019instant, j\u2019ai \u00e9t\u00e9 investi par mon parti. Je suis t\u00eate de liste et j\u2019ai vocation \u00e0 le rester. En ce qui me concerne, le sujet, c\u2019est le projet. J\u2019ai cette rigueur intellectuelle de vouloir conna\u00eetre les intentions pr\u00e9cises de Mme Gandon et M. Compagnon. Le n\u00f4tre est clair. Quel est le leur ? J\u2019attends cette clart\u00e9 de leur part aussi.<\/p>\n<p>Vous posez des lignes rouges ?<\/p>\n<p>Il y a effectivement des sujets qui, pour nous, sont fondamentaux, notamment en mati\u00e8re d\u2019ins\u00e9curit\u00e9. Je vois que l\u2019armement de la police municipale fait consensus. Mais \u00e7a ne fait pas un projet. Si nous trouvons un programme en commun, il y aura aussi des \u00e9changes sur l\u2019organisation d\u2019une \u00e9quipe. Mais le projet d\u2019abord.<\/p>\n<blockquote><p>Les Rennais attendent une vraie rupture<\/p><\/blockquote>\n<p>Charles Compagnon estime que Rennes n\u2019est ni de droite, ni de gauche. Mani\u00e8re de dire que ce serait une erreur strat\u00e9gique de trop marquer id\u00e9ologiquement l\u2019alternance. Vous pensez, \u00e0 l\u2019inverse, qu\u2019une candidature partisane marqu\u00e9e \u00e0 droite a des chances de victoire ?<\/p>\n<p>J\u2019en suis convaincu. Prenez l\u2019exemple de Villeneuve-Saint-Georges, une mairie qui a \u00e9t\u00e9 pendant des ann\u00e9es communiste. Elle est maintenant Les R\u00e9publicains. On peut donc passer de la gauche \u00e0 la droite sans passer par la case centriste. Les Rennais attendent une vraie rupture. J\u2019assume de travailler avec des gens qui ne sont pas de droite. Mais j\u2019assume aussi de l\u2019\u00eatre. Cela fait partie de mon ADN politique<\/p>\n<p>Le cas de Villeneuve-Saint-Georges est particulier. Une municipale anticip\u00e9e, o\u00f9 le d\u00e9put\u00e9 LFI Louis Boyard, qualifi\u00e9 au second tour, n\u2019a pas r\u00e9ussi \u00e0 s\u2019unir avec le reste de la gauche\u2026 Dois-je comprendre que vous pariez sur la division de la gauche \u00e0 Rennes ?<\/p>\n<p>Je pense que quoi qu\u2019il arrive, on a une chance de victoire. Je suis sur le terrain depuis deux ans. Des \u00e9lecteurs de gauche me disent qu\u2019ils sont pr\u00eats aujourd\u2019hui \u00e0 mettre un bulletin de vote \u00e0 droite.<\/p>\n<p>Charles Compagnon a \u00e9t\u00e9 soutenu par LR en 2020. Il a ensuite fait le choix de rejoindre Horizon, parti de la majorit\u00e9 pr\u00e9sidentielle\u2026 En reste-t-il des ranc\u0153urs ?<\/p>\n<p>L\u00a0Union passera par le fait de mettre ses \u00e9gos dans sa poche et de se concentrer sur les id\u00e9es. Effectivement, il y aura des concessions, des compromis \u00e0 faire. C\u2019est la vie politique. Personnellement, je trouve que tout changement de trajectoire peut brusquer l\u2019\u00e9lectorat. Des LR qui passent chez Renaissance et Horizons ou, \u00e0 l\u2019inverse, des LR qui passent au RN, \u00e7a crispe. La constance et la coh\u00e9rence sont fondamentales.<\/p>\n<p>Vous avez un temps discut\u00e9 avec le RN. C\u2019est tranch\u00e9 : il n\u2019y aura pas d\u2019alliance avec eux ?<\/p>\n<p>Il n\u2019y aura pas d\u2019accord d\u2019appareil avec le RN. Il y a des constats que l\u2019on peut partager mais nos solutions sont tr\u00e8s diff\u00e9rentes. Et leur capacit\u00e9 \u00e0 critiquer en permanence Bruno Retailleau me laisse penser que l\u2019accord n\u2019est pas possible. Mais je suis pr\u00eat \u00e0 travailler avec tous les Rennais, quel que soit leur vote.<\/p>\n","protected":false},"excerpt":{"rendered":"Vous lancez votre campagne sur le th\u00e8me de la s\u00e9curit\u00e9. Pourquoi celui-l\u00e0 ? Nous avons men\u00e9 une consultation&hellip;\n","protected":false},"author":2,"featured_media":372434,"comment_status":"","ping_status":"","sticky":false,"template":"","format":"standard","meta":{"footnotes":""},"categories":[2821],"tags":[1111,11,829,5949,2761,1777,674,1011,27,848,3434,10736,12,3364,584,25],"class_list":{"0":"post-372433","1":"post","2":"type-post","3":"status-publish","4":"format-standard","5":"has-post-thumbnail","7":"category-rennes","8":"tag-actu","9":"tag-actualites","10":"tag-bretagne","11":"tag-elections","12":"tag-elections-municipales-2026","13":"tag-eu","14":"tag-europe","15":"tag-fr","16":"tag-france","17":"tag-ille-et-vilaine","18":"tag-municipales-2026","19":"tag-nathalie-appere","20":"tag-news","21":"tag-politique-a-rennes","22":"tag-rennes","23":"tag-republique-francaise"},"share_on_mastodon":{"url":"https:\/\/pubeurope.com\/@fr\/115161759937433018","error":""},"_links":{"self":[{"href":"https:\/\/www.europesays.com\/fr\/wp-json\/wp\/v2\/posts\/372433","targetHints":{"allow":["GET"]}}],"collection":[{"href":"https:\/\/www.europesays.com\/fr\/wp-json\/wp\/v2\/posts"}],"about":[{"href":"https:\/\/www.europesays.com\/fr\/wp-json\/wp\/v2\/types\/post"}],"author":[{"embeddable":true,"href":"https:\/\/www.europesays.com\/fr\/wp-json\/wp\/v2\/users\/2"}],"replies":[{"embeddable":true,"href":"https:\/\/www.europesays.com\/fr\/wp-json\/wp\/v2\/comments?post=372433"}],"version-history":[{"count":0,"href":"https:\/\/www.europesays.com\/fr\/wp-json\/wp\/v2\/posts\/372433\/revisions"}],"wp:featuredmedia":[{"embeddable":true,"href":"https:\/\/www.europesays.com\/fr\/wp-json\/wp\/v2\/media\/372434"}],"wp:attachment":[{"href":"https:\/\/www.europesays.com\/fr\/wp-json\/wp\/v2\/media?parent=372433"}],"wp:term":[{"taxonomy":"category","embeddable":true,"href":"https:\/\/www.europesays.com\/fr\/wp-json\/wp\/v2\/categories?post=372433"},{"taxonomy":"post_tag","embeddable":true,"href":"https:\/\/www.europesays.com\/fr\/wp-json\/wp\/v2\/tags?post=372433"}],"curies":[{"name":"wp","href":"https:\/\/api.w.org\/{rel}","templated":true}]}}