{"id":372435,"date":"2025-09-07T07:12:11","date_gmt":"2025-09-07T07:12:11","guid":{"rendered":"https:\/\/www.europesays.com\/fr\/372435\/"},"modified":"2025-09-07T07:12:11","modified_gmt":"2025-09-07T07:12:11","slug":"jakubowicz-sur-le-ring-des-municipales","status":"publish","type":"post","link":"https:\/\/www.europesays.com\/fr\/372435\/","title":{"rendered":"Jakubowicz sur le ring des municipales"},"content":{"rendered":"<p>La candidature \u00e9tait attendue, le candidat a \u00e9t\u00e9 au rendez-vous \u00a0: Pierre Jakubowicz (Horizons) <a href=\"https:\/\/www.dna.fr\/elections\/2025\/09\/04\/a-strasbourg-jakubowicz-se-declare-candidat-pour-faire-bouger-les-lignes\" target=\"_blank\" rel=\"nofollow noopener\">a officialis\u00e9 ses ambitions<\/a>, ce jeudi 4 septembre, pour les municipales de mars 2026 \u00e0 Strasbourg. Discours \u00e9videmment tr\u00e8s offensif contre l&rsquo;\u00e9quipe sortante \u00e0 la cl\u00e9, dans la droite ligne de ses interventions lors des conseils municipaux ces derni\u00e8res ann\u00e9es. La campagne s&rsquo;annonce anim\u00e9e&#8230;<\/p>\n","protected":false},"excerpt":{"rendered":"La candidature \u00e9tait attendue, le candidat a \u00e9t\u00e9 au rendez-vous \u00a0: Pierre Jakubowicz (Horizons) a officialis\u00e9 ses ambitions,&hellip;\n","protected":false},"author":2,"featured_media":372436,"comment_status":"","ping_status":"","sticky":false,"template":"","format":"standard","meta":{"footnotes":""},"categories":[2820],"tags":[1111,11,2389,2649,2880,4188,1777,674,1011,27,2798,775,12,316,25,640],"class_list":{"0":"post-372435","1":"post","2":"type-post","3":"status-publish","4":"format-standard","5":"has-post-thumbnail","7":"category-strasbourg","8":"tag-actu","9":"tag-actualites","10":"tag-alsace","11":"tag-bas-rhin","12":"tag-edition-strasbourg","13":"tag-elections-municipales","14":"tag-eu","15":"tag-europe","16":"tag-fr","17":"tag-france","18":"tag-galerie-photo","19":"tag-grand-est","20":"tag-news","21":"tag-politique","22":"tag-republique-francaise","23":"tag-strasbourg"},"share_on_mastodon":{"url":"https:\/\/pubeurope.com\/@fr\/115161775688120039","error":""},"_links":{"self":[{"href":"https:\/\/www.europesays.com\/fr\/wp-json\/wp\/v2\/posts\/372435","targetHints":{"allow":["GET"]}}],"collection":[{"href":"https:\/\/www.europesays.com\/fr\/wp-json\/wp\/v2\/posts"}],"about":[{"href":"https:\/\/www.europesays.com\/fr\/wp-json\/wp\/v2\/types\/post"}],"author":[{"embeddable":true,"href":"https:\/\/www.europesays.com\/fr\/wp-json\/wp\/v2\/users\/2"}],"replies":[{"embeddable":true,"href":"https:\/\/www.europesays.com\/fr\/wp-json\/wp\/v2\/comments?post=372435"}],"version-history":[{"count":0,"href":"https:\/\/www.europesays.com\/fr\/wp-json\/wp\/v2\/posts\/372435\/revisions"}],"wp:featuredmedia":[{"embeddable":true,"href":"https:\/\/www.europesays.com\/fr\/wp-json\/wp\/v2\/media\/372436"}],"wp:attachment":[{"href":"https:\/\/www.europesays.com\/fr\/wp-json\/wp\/v2\/media?parent=372435"}],"wp:term":[{"taxonomy":"category","embeddable":true,"href":"https:\/\/www.europesays.com\/fr\/wp-json\/wp\/v2\/categories?post=372435"},{"taxonomy":"post_tag","embeddable":true,"href":"https:\/\/www.europesays.com\/fr\/wp-json\/wp\/v2\/tags?post=372435"}],"curies":[{"name":"wp","href":"https:\/\/api.w.org\/{rel}","templated":true}]}}