{"id":372439,"date":"2025-09-07T07:14:10","date_gmt":"2025-09-07T07:14:10","guid":{"rendered":"https:\/\/www.europesays.com\/fr\/372439\/"},"modified":"2025-09-07T07:14:10","modified_gmt":"2025-09-07T07:14:10","slug":"une-tentative-de-meurtre-dejouee-a-nice-trois-marseillais-lies-au-narcotrafic-interpelles-2","status":"publish","type":"post","link":"https:\/\/www.europesays.com\/fr\/372439\/","title":{"rendered":"Une tentative de meurtre d\u00e9jou\u00e9e \u00e0 Nice, trois Marseillais li\u00e9s au narcotrafic interpell\u00e9s"},"content":{"rendered":"<p>Les malfaiteurs ne se doutaient pas que la BRI (la brigade de recherches et d\u2019intervention du service interr\u00e9gional de police judiciaire) \u00e9tait sur leurs talons.<\/p>\n<p>Ces sp\u00e9cialistes de la filature s\u2019attendaient manifestement \u00e0 une action violente sur fond de narcotrafic.<\/p>\n<p>Un renseignement qui s\u2019est av\u00e9r\u00e9 juste. Il a sans doute permis de d\u00e9jouer une tentative d\u2019homicide, selon les informations rendues publiques ce samedi apr\u00e8s-midi par le procureur de la R\u00e9publique de Nice.<\/p>\n<p>Les faits remontent \u00e0 mercredi. C\u2019est alors que la BRI a entam\u00e9 sa surveillance. Tr\u00e8s vite les policiers rep\u00e8rent quatre individus \u00ab\u00a0v\u00eatus de tenues sombres et de cache-cous\u00a0\u00bb.<\/p>\n<p>Les suspects montent dans une Skoda qui s\u2019av\u00e8re vol\u00e9e et prennent la direction du quartier des Liserons, \u00e0 Nice-Est, o\u00f9 l\u2019un d\u2019entre eux est aper\u00e7u \u00ab\u00a0porteur d\u2019une arme de poing\u00a0\u00bb.<\/p>\n<p>Au cours de la nuit, les protagonistes changent de v\u00e9hicule. Mais cela ne suffira pas \u00e0 d\u00e9jouer la surveillance de la police judiciaire. Et c\u2019est finalement \u00e0 bord d\u2019une Renault que deux des suspects sont appr\u00e9hend\u00e9s au niveau du p\u00e9age de Cagnes-sur-Mer.<\/p>\n<p>Armes de poing et bidons d\u2019essence<\/p>\n<p>Dans une cache am\u00e9nag\u00e9e \u00e0 l\u2019int\u00e9rieur de la Renault, ce sont deux armes de poing et une paire de gants qui sont d\u00e9couvertes. La Skoda, elle, renfermait plusieurs bidons d\u2019essence. Autant d\u2019indices qui laissent pr\u00e9sumer un possible passage \u00e0 l\u2019acte imminent et violent.<\/p>\n<p>Sur fond de trafic de stup\u00e9fiants. 300 grammes de r\u00e9sine de cannabis seront d\u2019ailleurs retrouv\u00e9s, au Bar-sur-Loup, o\u00f9 un troisi\u00e8me individu sera \u00e0 son tour interpell\u00e9 dans le cadre de cette enqu\u00eate.<\/p>\n<p>Surtout, les trois suspects \u00e2g\u00e9s de 18 \u00e0 29 ans, trois Marseillais, sont tous tr\u00e8s d\u00e9favorablement \u00ab\u00a0connus des services de police et ont d\u00e9j\u00e0 \u00e9t\u00e9 condamn\u00e9s pour des faits de trafic de stup\u00e9fiants\u00a0\u00bb, indique le parquet de Nice qui a demand\u00e9 l\u2019ouverture d\u2019une information judiciaire pour faire toute la lumi\u00e8re sur le mauvais coup que ces malfaiteurs chevronn\u00e9s semblaient pr\u00e9par\u00e9s.<\/p>\n<p>Vraisemblablement un r\u00e8glement de comptes sur fond de rivalit\u00e9s pour le contr\u00f4le de points de deal.<\/p>\n<p>L\u2019instruction vise en effet des faits de \u00a0\u00bb tentative de meurtre en bande organis\u00e9e, association de malfaiteurs en vue de commettre un crime en bande organis\u00e9e, association de malfaiteurs en vue de commettre un d\u00e9lit puni de 10 ans d\u2019emprisonnement, recel de vol, transport d\u2019arme de cat\u00e9gorie B et d\u00e9tention de produits stup\u00e9fiants\u00a0\u00bb.<\/p>\n<p>Il semblerait que le pire ait \u00e9t\u00e9 \u00e9vit\u00e9 de justesse. \u00ab\u00a0Comme notamment les interpellations intervenues mi-mai 2025 avec la saisie de plusieurs fusils d\u2019assaut dans le cadre d\u2019une enqu\u00eate ensuite reprise par la JIRS de Marseille, cette proc\u00e9dure illustre la mise en \u0153uvre des strat\u00e9gies pro-actives visant \u00e0 anticiper les passages \u00e0 l\u2019acte violents susceptibles d\u2019intervenir sur fond de conflits pour le contr\u00f4le des points de vente de stup\u00e9fiants\u00a0\u00bb, souligne le procureur Damien Martinelli.<\/p>\n","protected":false},"excerpt":{"rendered":"Les malfaiteurs ne se doutaient pas que la BRI (la brigade de recherches et d\u2019intervention du service interr\u00e9gional&hellip;\n","protected":false},"author":2,"featured_media":370913,"comment_status":"","ping_status":"","sticky":false,"template":"","format":"standard","meta":{"footnotes":""},"categories":[2819],"tags":[1111,11,1777,674,118,1011,27,12,2401,882,25],"class_list":{"0":"post-372439","1":"post","2":"type-post","3":"status-publish","4":"format-standard","5":"has-post-thumbnail","7":"category-nice","8":"tag-actu","9":"tag-actualites","10":"tag-eu","11":"tag-europe","12":"tag-faits-divers","13":"tag-fr","14":"tag-france","15":"tag-news","16":"tag-nice","17":"tag-provence-alpes-cote-dazur","18":"tag-republique-francaise"},"share_on_mastodon":{"url":"https:\/\/pubeurope.com\/@fr\/115161783589920030","error":""},"_links":{"self":[{"href":"https:\/\/www.europesays.com\/fr\/wp-json\/wp\/v2\/posts\/372439","targetHints":{"allow":["GET"]}}],"collection":[{"href":"https:\/\/www.europesays.com\/fr\/wp-json\/wp\/v2\/posts"}],"about":[{"href":"https:\/\/www.europesays.com\/fr\/wp-json\/wp\/v2\/types\/post"}],"author":[{"embeddable":true,"href":"https:\/\/www.europesays.com\/fr\/wp-json\/wp\/v2\/users\/2"}],"replies":[{"embeddable":true,"href":"https:\/\/www.europesays.com\/fr\/wp-json\/wp\/v2\/comments?post=372439"}],"version-history":[{"count":0,"href":"https:\/\/www.europesays.com\/fr\/wp-json\/wp\/v2\/posts\/372439\/revisions"}],"wp:featuredmedia":[{"embeddable":true,"href":"https:\/\/www.europesays.com\/fr\/wp-json\/wp\/v2\/media\/370913"}],"wp:attachment":[{"href":"https:\/\/www.europesays.com\/fr\/wp-json\/wp\/v2\/media?parent=372439"}],"wp:term":[{"taxonomy":"category","embeddable":true,"href":"https:\/\/www.europesays.com\/fr\/wp-json\/wp\/v2\/categories?post=372439"},{"taxonomy":"post_tag","embeddable":true,"href":"https:\/\/www.europesays.com\/fr\/wp-json\/wp\/v2\/tags?post=372439"}],"curies":[{"name":"wp","href":"https:\/\/api.w.org\/{rel}","templated":true}]}}