{"id":372440,"date":"2025-09-07T07:15:13","date_gmt":"2025-09-07T07:15:13","guid":{"rendered":"https:\/\/www.europesays.com\/fr\/372440\/"},"modified":"2025-09-07T07:15:13","modified_gmt":"2025-09-07T07:15:13","slug":"cette-grande-maison-familiale-sur-les-hauteurs-de-nice-qui-fait-son-bonheur","status":"publish","type":"post","link":"https:\/\/www.europesays.com\/fr\/372440\/","title":{"rendered":"cette \u201cgrande maison familiale\u201d sur les hauteurs de Nice qui fait son bonheur"},"content":{"rendered":"<p>                                    <img decoding=\"async\" src=\"https:\/\/www.europesays.com\/fr\/wp-content\/uploads\/2025\/09\/479a981fc4cd98b629a46ed30e0d04e6697007ef9488df545a966679d0f33e2f.jpg\" alt=\"GALA - CQFC MAISON DE STARS\" class=\"a11y-hidden\" fetchpriority=\"high\"\/><\/p>\n<p class=\"fig-standfirst\">Depuis plusieurs ann\u00e9es, Maud Fontenoy vit avec ses cinq enfants dans une grande maison entre terre et mer dans le sud de la France. Zoom sur cette propri\u00e9t\u00e9.<\/p>\n<p class=\"fig-paragraph\">Si Maud Fontenoy aime Paris, il \u00e9tait inconcevable pour l\u2019ancienne navigatrice de vivre loin de la mer. Depuis 2018, l\u2019ex-vice pr\u00e9sidente du conseil r\u00e9gional de Provence-Alpes-C\u00f4te d\u2019Azur a pos\u00e9 ses valises dans les hauteurs de Nice. Apr\u00e8s avoir v\u00e9cu un temps \u00e0 Carqueiranne, dans le Var,\u00a0<a href=\"http:\/\/www.gala.fr\/l_actu\/news_de_stars\/exclu-maud-fontenoy-maman-de-5-enfants-ses-belles-declarations-sur-la-maternite-ce-desir-m-a-accompagnee-toute-ma-vie-20250806\" data-fig-type=\"Article\" data-gtm-custom-categorie=\"navigation\" data-gtm-custom-action=\"crossclick\" data-gtm-custom-label=\"Contextuel\" data-gtm-event=\"customEventSPE\" data-fig-domain=\"GALA\" target=\"_blank\" rel=\"noopener\">la m\u00e8re de cinq enfants<\/a>\u00a0a jet\u00e9 son d\u00e9volu sur \u00ab une grande maison familiale en pleine nature\u00a0\u00bb, comme elle le confie au\u00a0<a href=\"https:\/\/www.lejdd.fr\/Societe\/le-dimanche-de-maud-fontenoy-mon-lien-charnel-avec-la-mer-4149716?utm_source=chatgpt.com\" target=\"_blank\" rel=\"sponsored noopener\" data-gtm-custom-categorie=\"navigation\" data-gtm-custom-action=\"crossclick\" data-gtm-custom-label=\"Contextuel\" data-gtm-event=\"customEventSPE\">JDD<\/a>, en 2022. Ainsi, depuis sa propri\u00e9t\u00e9, l\u2019ambassadrice des Classes de Mer aupr\u00e8s du minist\u00e8re de l\u2019\u00c9ducation nationale et de la Jeunesse, voit au loin la mer mais a aussi une vue imprenable sur les pins et le ciel bleu turquoise du sud de la France.<\/p>\n<p class=\"fig-paragraph\">Entre terre et mer, Maud Fontenoy a ses habitudes avec sa famille, comme elle le raconte \u00e0 nos confr\u00e8res\u00a0: \u00ab\u202fChaque dimanche, nous faisons la m\u00eame promenade en famille\u00a0: nous longeons le chemin des douaniers de Saint-Jean-Cap-Ferrat avant de pique-niquer dans une crique, avec des wraps pr\u00e9par\u00e9s un peu plus t\u00f4t \u00e0 la maison\u00a0; apr\u00e8s, c\u2019est parti de cartes avant de repartir\u00a0\u00bb. Pendant les vacances, la famille a \u00e9galement l\u2019habitude de louer un voilier\u00a0direction Porquerolles pour se balader. \u00ab\u202fQuel bonheur d\u2019habiter l\u00e0\u00a0!\u00a0\u00bb, d\u00e9clare-t-elle.<\/p>\n<p>                                    <a class=\"fig-a11y-skip a11y-hidden\" href=\"#fig-a11y-skip-main-inarticle\"><br \/>\n        Passer la publicit\u00e9<br \/>\n    <\/a><\/p>\n<p>Maud Fontenoy\u00a0: cette destination o\u00f9 elle se r\u00e9fugie avec sa tribu durant les vacances<\/p>\n<p class=\"fig-paragraph\">Si le sud de la France est une destination charmante, l\u2019\u00e9t\u00e9, le tourisme peut particuli\u00e8rement devenir insoutenable pour ses habitants. Ainsi, Maud Fontenoy et\u00a0<a href=\"https:\/\/www.gala.fr\/l_actu\/news_de_stars\/maud-fontenoy-enceinte-a-46-ans-qui-est-son-mari-olivier-chartier_539574\" data-fig-type=\"Article\" data-gtm-custom-categorie=\"navigation\" data-gtm-custom-action=\"crossclick\" data-gtm-custom-label=\"Contextuel\" data-gtm-event=\"customEventSPE\" data-fig-domain=\"GALA\" target=\"_blank\" rel=\"noopener\">son mari Olivier Chartier\u00a0<\/a>quittent la France avec leur grande tribu\u00a0<a href=\"http:\/\/www.gala.fr\/l_actu\/news_de_stars\/exclu-maud-fontenoy-en-vacances-ses-projets-avec-sa-famille-nombreuse-au-fin-fond-de-l-espagne-20250807\" data-fig-type=\"Article\" data-gtm-custom-categorie=\"navigation\" data-gtm-custom-action=\"crossclick\" data-gtm-custom-label=\"Contextuel\" data-gtm-event=\"customEventSPE\" data-fig-domain=\"GALA\" target=\"_blank\" rel=\"noopener\">pour s\u00e9journer quelques semaines en Espagne<\/a>, comme elle le confie \u00e0 Gala d\u00e9but ao\u00fbt. \u00ab On part avec toute la smala dans un minibus chez mon p\u00e8re, au fin fond de l\u2019Espagne\u00a0\u00bb, raconte-t-elle. Au programme, bien \u00e9videmment, des journ\u00e9es enti\u00e8res \u00e0 la mer \u00ab avec combi ou sans combi\u00a0\u00bb. Et m\u00eame sa petite derni\u00e8re, \u00c9l\u00e9a, aime d\u00e9j\u00e0 le contact de l\u2019eau sur sa peau\u00a0: \u00ab El\u00e9a, 1 an, adore d\u00e9j\u00e0 l\u2019eau. Ces derniers jours, avec la chaleur, elle s\u2019asseyait dans l\u2019\u00e9vier de la cuisine et je lui laissais couler un filet d\u2019eau\u00a0\u00bb. \u00ab Une vie simple, proche de la nature, toujours\u00a0\u00bb, affirme-t-elle. Des vacances loin d\u2019\u00eatre d\u00e9paysantes\u00a0!<\/p>\n","protected":false},"excerpt":{"rendered":"Depuis plusieurs ann\u00e9es, Maud Fontenoy vit avec ses cinq enfants dans une grande maison entre terre et mer&hellip;\n","protected":false},"author":2,"featured_media":372441,"comment_status":"","ping_status":"","sticky":false,"template":"","format":"standard","meta":{"footnotes":""},"categories":[2819],"tags":[1111,11,7013,1777,674,652,1011,27,2142,41766,50654,12,2401,882,25],"class_list":{"0":"post-372440","1":"post","2":"type-post","3":"status-publish","4":"format-standard","5":"has-post-thumbnail","7":"category-nice","8":"tag-actu","9":"tag-actualites","10":"tag-cote-dazur","11":"tag-eu","12":"tag-europe","13":"tag-famille","14":"tag-fr","15":"tag-france","16":"tag-maison","17":"tag-maison-de-stars","18":"tag-maud-fontenoy","19":"tag-news","20":"tag-nice","21":"tag-provence-alpes-cote-dazur","22":"tag-republique-francaise"},"share_on_mastodon":{"url":"https:\/\/pubeurope.com\/@fr\/115161787459918678","error":""},"_links":{"self":[{"href":"https:\/\/www.europesays.com\/fr\/wp-json\/wp\/v2\/posts\/372440","targetHints":{"allow":["GET"]}}],"collection":[{"href":"https:\/\/www.europesays.com\/fr\/wp-json\/wp\/v2\/posts"}],"about":[{"href":"https:\/\/www.europesays.com\/fr\/wp-json\/wp\/v2\/types\/post"}],"author":[{"embeddable":true,"href":"https:\/\/www.europesays.com\/fr\/wp-json\/wp\/v2\/users\/2"}],"replies":[{"embeddable":true,"href":"https:\/\/www.europesays.com\/fr\/wp-json\/wp\/v2\/comments?post=372440"}],"version-history":[{"count":0,"href":"https:\/\/www.europesays.com\/fr\/wp-json\/wp\/v2\/posts\/372440\/revisions"}],"wp:featuredmedia":[{"embeddable":true,"href":"https:\/\/www.europesays.com\/fr\/wp-json\/wp\/v2\/media\/372441"}],"wp:attachment":[{"href":"https:\/\/www.europesays.com\/fr\/wp-json\/wp\/v2\/media?parent=372440"}],"wp:term":[{"taxonomy":"category","embeddable":true,"href":"https:\/\/www.europesays.com\/fr\/wp-json\/wp\/v2\/categories?post=372440"},{"taxonomy":"post_tag","embeddable":true,"href":"https:\/\/www.europesays.com\/fr\/wp-json\/wp\/v2\/tags?post=372440"}],"curies":[{"name":"wp","href":"https:\/\/api.w.org\/{rel}","templated":true}]}}