{"id":372446,"date":"2025-09-07T07:21:09","date_gmt":"2025-09-07T07:21:09","guid":{"rendered":"https:\/\/www.europesays.com\/fr\/372446\/"},"modified":"2025-09-07T07:21:09","modified_gmt":"2025-09-07T07:21:09","slug":"toulouse-en-peril-le-theatre-du-grand-rond-fait-tout-pour-survivre-au-dela-de-la-saison-2025-2026","status":"publish","type":"post","link":"https:\/\/www.europesays.com\/fr\/372446\/","title":{"rendered":"Toulouse. En p\u00e9ril, le th\u00e9\u00e2tre du Grand rond fait tout pour survivre au-del\u00e0 de la saison 2025-2026"},"content":{"rendered":"<p>            Par<br \/>\n        <strong><br \/>\n            <a href=\"https:\/\/actu.fr\/auteur\/lucie-2\" title=\"Consulter tous les articles de Lucie Fraisse\" target=\"_blank\" rel=\"noopener\">Lucie Fraisse<\/a><br \/>\n        <\/strong><\/p>\n<p>        Publi\u00e9 le<\/p>\n<p>            7 sept. 2025 \u00e0 8h06        <\/p>\n<p>\u00ab\u00a0La saison de la derni\u00e8re chance\u00a0\u00bb. D\u00e8s 2024, le th\u00e9\u00e2tre du Grand Rond, <strong>\u00e0 Toulouse<\/strong>,<a href=\"https:\/\/actu.fr\/occitanie\/toulouse_31555\/c-est-la-saison-de-la-derniere-chance-menace-de-fermeture-un-theatre-de-toulouse-appelle-a-l-aide_61927408.html\" target=\"_blank\" rel=\"noopener\"> tirait la sonnette d\u2019alarme<\/a> et pr\u00e9venait : faute de soutien financier des collectivit\u00e9s, la saison 2025-2026 pourrait \u00eatre la derni\u00e8re. Alors que le th\u00e9\u00e2tre de la rue des Potiers, \u00e0 deux pas de la Halle aux grains, vient de d\u00e9voiler <a href=\"https:\/\/www.grand-rond.org\/programmation\" target=\"_blank\" rel=\"noopener\">sa programmation pour la saison qui d\u00e9bute<\/a>, on fait le point sur la situation \u2014 toujours critique \u2013 du <strong>Th\u00e9\u00e2tre du Grand Rond<\/strong> et les solutions esquiss\u00e9es pour le sauver.\u00a0<\/p>\n<p>Des alertes de longue date\u00a0<\/p>\n<p class=\" wall-content\">\u00ab\u00a0On a commenc\u00e9 \u00e0 en parler publiquement l\u2019an pass\u00e9, mais en r\u00e9alit\u00e9 \u00e7a fait au moins cinq ans qu\u2019on pr\u00e9vient que ce qui se passe aujourd\u2019hui allait immanquablement arriver\u00a0\u00bb, soupire Eric Vanelle, responsable du d\u00e9veloppement du th\u00e9\u00e2tre du Grand Rond.<\/p>\n<p class=\" wall-content\">Depuis les alertes lanc\u00e9es en novembre dernier, \u00ab\u00a0pas grand chose n\u2019a \u00e9volu\u00e9\u00a0\u00bb selon Eric Vannelle qui poursuit : \u00ab\u00a0la saison 2025-2026 n\u2019existe que parce que<strong> les artistes acceptent de travailler dans des conditions d\u00e9grad\u00e9es<\/strong>.\u00a0\u00bb<\/p>\n<blockquote class=\"ac-article-quote wall-content\">\n<p>Pour l&rsquo;instant on a une \u00e9coute attentive des collectivit\u00e9s, mais \u00e7a ne va pas plus loin.<\/p>\n<p>    <strong>Eric Vanelle<\/strong>\n            <\/p><\/blockquote>\n<p>100 000 euros pour sortir de la situation actuelle\u00a0<\/p>\n<p class=\" wall-content\">L\u2019\u00e9quipe du Grand Rond a fait ses calculs. Pour travailler dans des conditions normales, \u00ab\u00a0c\u2019est-\u00e0-dire en payant les artistes et les techniciens dans les bonnes conditions auxquelles ils ont droit\u00a0\u00bb, il faudrait 200 000 euros de subventions en plus par saison. Et pour se sortir de l\u2019orni\u00e8re actuelle, le th\u00e9\u00e2tre aurait besoin de 100 000 euros en plus.\u00a0<\/p>\n<p class=\" wall-content\">\u00ab\u00a0En se r\u00e9f\u00e9rant \u00e0 une \u00e9tude de la Cour des comptes, on se rend compte qu\u2019<strong>on touche 5 \u00e0 10 fois moins d\u2019aides publiques<\/strong> que ce qu\u2019on pourrait obtenir dans le cadre de notre travail. C\u2019est en partie li\u00e9 \u00e0 notre histoire : le th\u00e9\u00e2tre du Grand Rond est n\u00e9e d\u2019une initiative de la soci\u00e9t\u00e9 civile, on a d\u00e9but\u00e9 en \u00e9tant extr\u00eamement peu financ\u00e9 et on n\u2019a jamais rattrap\u00e9 de ce retard-l\u00e0.\u00a0\u00bb<\/p>\n<p>Votre r\u00e9gion, votre actu !<\/p>\n<p>Recevez chaque jour les infos qui comptent pour vous.<\/p>\n<p>\t<a href=\"https:\/\/actu.fr\/newsletter\" class=\"ac-btn ac-btn--corner ac-btn--medium ac-btn--blue800\" target=\"_blank\" rel=\"noopener\">S&rsquo;incrire<\/a><br \/>\nSpectacles de solidarit\u00e9 dans d\u2019autres salles de Toulousze<\/p>\n<p class=\" wall-content\">En attendant un \u00e9ventuel d\u00e9blocage du c\u00f4t\u00e9 des collectivit\u00e9s, le Th\u00e9\u00e2tre du Grand Rond ne reste pas inactif. Une <a href=\"https:\/\/www.helloasso.com\/associations\/theatre-du-grand-rond\/collectes\/contre-la-fermeture-du-theatre-du-grand-rond\" target=\"_blank\" rel=\"noopener\">souscription en ligne a ainsi \u00e9t\u00e9 lanc\u00e9e<\/a>, qui a r\u00e9colt\u00e9 plus de <strong>16 000 euros<\/strong> \u00e0 ce jour, ainsi qu\u2019<a href=\"https:\/\/www.change.org\/p\/contre-la-fermeture-du-th%C3%A9%C3%A2tre-du-grand-rond-2e5bee0a-9df5-4f0f-a408-d9a264438a91\" target=\"_blank\" rel=\"noopener\">une p\u00e9tition qui a recueilli plus de 3000 signatures<\/a>.\u00a0<\/p>\n<p class=\" wall-content\">Et pour visibiliser davantage la situation, les \u00e9quipes du Th\u00e9\u00e2tre du Grand Rond ont demand\u00e9 \u00e0 d\u2019autres salles de Toulouse, d\u2019organiser des soir\u00e9es de soutien festives. La premi\u00e8re a eu lieu samedi 6 septembre \u00e0 la Cave po\u00e9sie avec une nuit de concerts.<\/p>\n<p class=\" wall-content\">Suivront une soir\u00e9e au <strong>Th\u00e9\u00e2tre de la Cit\u00e9<\/strong> le 12 septembre, au<strong> Bijou<\/strong> le 26 novembre, au th\u00e9\u00e2tre des Mazades le 28 novembre, \u00e0 l\u2019American cosmograph le 6 d\u00e9cembre\u2026Concert, th\u00e9\u00e2tre, danse, cin\u00e9ma, la programmation est vari\u00e9e.<\/p>\n<p class=\" wall-content\">\u00ab\u00a0Les salles nous mettent leurs \u00e9quipes \u00e0 disposition, d\u00e9taille Eric Vanelle. De notre c\u00f4t\u00e9, on empoche la billetterie et on paye les artistes.\u00a0\u00bb<\/p>\n<p>L\u2019espoir toujours l\u00e0\u00a0<\/p>\n<p class=\" wall-content\">En ce mois de septembre, l\u2019\u00e9quipe du Th\u00e9\u00e2tre du Grand rond continue de croire \u00e0 la survie de ce lieu qui fait, entre nombreuses autres propositions, les belles heures du th\u00e9\u00e2tre jeune public dans la Ville rose.<\/p>\n<p class=\" wall-content\">\u00ab\u00a0Depuis le d\u00e9part, on s \u2018est dit deux choses, souligne Eric Vanelle. Oui il y a un vrai risque que tout s\u2019arr\u00eate en juillet 2026. Mais jusqu\u2019\u00e0 la derni\u00e8re seconde, on va travailler en se disant qu\u2019on va continuer au-del\u00e0.\u00a0\u00bb<\/p>\n<p class=\" wall-content\">Le <strong>Th\u00e9\u00e2tre du Grand rond compte dix salari\u00e9s<\/strong>, tous associ\u00e9s dans cette entreprise coop\u00e9rative. Des centaines d\u2019artistes et techniciens y sont accueillies chaque saison.<\/p>\n<p class=\" wall-content\">Personnalisez votre actualit\u00e9 en ajoutant vos villes et m\u00e9dias en favori avec <a href=\"https:\/\/moncompte.actu.fr\" title=\"D\u00e9couvez Mon Actu\" rel=\"nofollow noopener\" data-trk=\"{&quot;cta&quot;:{&quot;action&quot;:&quot;https:\\\/\\\/moncompte.actu.fr&quot;,&quot;category&quot;:&quot;mon compte&quot;,&quot;from&quot;:&quot;article footer&quot;,&quot;name&quot;:&quot;Mon actu&quot;,&quot;type&quot;:&quot;cta&quot;}}\" target=\"_blank\">Mon Actu<\/a>.<\/p>\n","protected":false},"excerpt":{"rendered":"Par Lucie Fraisse Publi\u00e9 le 7 sept. 2025 \u00e0 8h06 \u00ab\u00a0La saison de la derni\u00e8re chance\u00a0\u00bb. D\u00e8s 2024,&hellip;\n","protected":false},"author":2,"featured_media":372447,"comment_status":"","ping_status":"","sticky":false,"template":"","format":"standard","meta":{"footnotes":""},"categories":[2816],"tags":[1111,11,1777,674,1011,27,1652,12,2680,25,1341,1347,2312],"class_list":{"0":"post-372446","1":"post","2":"type-post","3":"status-publish","4":"format-standard","5":"has-post-thumbnail","7":"category-toulouse","8":"tag-actu","9":"tag-actualites","10":"tag-eu","11":"tag-europe","12":"tag-fr","13":"tag-france","14":"tag-loisirs-culture","15":"tag-news","16":"tag-occitanie","17":"tag-republique-francaise","18":"tag-sortir-a-toulouse","19":"tag-theatre","20":"tag-toulouse"},"share_on_mastodon":{"url":"https:\/\/pubeurope.com\/@fr\/115161811116257267","error":""},"_links":{"self":[{"href":"https:\/\/www.europesays.com\/fr\/wp-json\/wp\/v2\/posts\/372446","targetHints":{"allow":["GET"]}}],"collection":[{"href":"https:\/\/www.europesays.com\/fr\/wp-json\/wp\/v2\/posts"}],"about":[{"href":"https:\/\/www.europesays.com\/fr\/wp-json\/wp\/v2\/types\/post"}],"author":[{"embeddable":true,"href":"https:\/\/www.europesays.com\/fr\/wp-json\/wp\/v2\/users\/2"}],"replies":[{"embeddable":true,"href":"https:\/\/www.europesays.com\/fr\/wp-json\/wp\/v2\/comments?post=372446"}],"version-history":[{"count":0,"href":"https:\/\/www.europesays.com\/fr\/wp-json\/wp\/v2\/posts\/372446\/revisions"}],"wp:featuredmedia":[{"embeddable":true,"href":"https:\/\/www.europesays.com\/fr\/wp-json\/wp\/v2\/media\/372447"}],"wp:attachment":[{"href":"https:\/\/www.europesays.com\/fr\/wp-json\/wp\/v2\/media?parent=372446"}],"wp:term":[{"taxonomy":"category","embeddable":true,"href":"https:\/\/www.europesays.com\/fr\/wp-json\/wp\/v2\/categories?post=372446"},{"taxonomy":"post_tag","embeddable":true,"href":"https:\/\/www.europesays.com\/fr\/wp-json\/wp\/v2\/tags?post=372446"}],"curies":[{"name":"wp","href":"https:\/\/api.w.org\/{rel}","templated":true}]}}