{"id":372448,"date":"2025-09-07T07:22:16","date_gmt":"2025-09-07T07:22:16","guid":{"rendered":"https:\/\/www.europesays.com\/fr\/372448\/"},"modified":"2025-09-07T07:22:16","modified_gmt":"2025-09-07T07:22:16","slug":"des-pompiers-mobilises-en-nombre-pour-stopper-le-feu","status":"publish","type":"post","link":"https:\/\/www.europesays.com\/fr\/372448\/","title":{"rendered":"des pompiers mobilis\u00e9s en nombre pour stopper le feu"},"content":{"rendered":"<p>            Par<br \/>\n        <strong><br \/>\n            <a href=\"https:\/\/actu.fr\/auteur\/paul-2\" title=\"Consulter tous les articles de Paul Halbedel\" rel=\"nofollow noopener\" target=\"_blank\">Paul Halbedel<\/a><br \/>\n        <\/strong><\/p>\n<p>        Publi\u00e9 le<\/p>\n<p>            7 sept. 2025 \u00e0 7h42        <\/p>\n<p>L\u2019alerte a \u00e9t\u00e9 donn\u00e9e peu apr\u00e8s 14\u2009h, ce samedi 6\u00a0septembre 2025. <strong>Un b\u00e2timent \u00e0 vocation agricole s\u2019est retrouv\u00e9 en proie aux flammes<\/strong> dans la petite commune de <a href=\"https:\/\/actu.fr\/occitanie\/caujac_31128\" rel=\"nofollow noopener\" target=\"_blank\">Caujac<\/a>, au sud de <a href=\"https:\/\/actu.fr\/occitanie\/toulouse_31555\" rel=\"nofollow noopener\" target=\"_blank\">Toulouse<\/a>.<\/p>\n<p>    <a href=\"https:\/\/www.google.com\/maps\/embed?pb=!1m18!1m12!1m3!1d34265.83376227145!2d1.460402424193327!3d43.29206197641379!2m3!1f0!2f0!3f0!3m2!1i1024!2i768!4f13.1!3m3!1m2!1s0x12aedce74923e0d7%3A0xe9afc9313c5de021!2sRte%20de%20Cintegabelle%2C%2031190%20Caujac!5e0!3m2!1sfr!2sfr!4v1757200534349!5m2!1sfr!2sfr\" title=\"Ouvrie le lien\" rel=\"nofollow noopener\" target=\"_blank\">Cliquez ici pour visualiser le contenu<\/a><\/p>\n<p class=\" wall-content\">Au total, <strong>18 sapeurs-pompiers<\/strong> ont \u00e9t\u00e9 d\u00e9ploy\u00e9s sur ce sinistre intervenu dans une propri\u00e9t\u00e9 de la <strong>route de Cintegabelle<\/strong>. Ils ont notamment lutt\u00e9 contre le feu au moyen de <strong>deux lances incendie<\/strong>.<\/p>\n<p>Pas de propagation \u00e0 la maison attenante<\/p>\n<p class=\" wall-content\">\u00ab\u2009Les secours sur les lieux ont rapidement r\u00e9ussi \u00e0 <strong>\u00e9carter tout risque de propagation \u00e0 l\u2019habitation attenante<\/strong>\u2009\u00bb, pr\u00e9cise le Service d\u00e9partemental d\u2019incendie et de secours de la Haute-Garonne au sujet de ce sinistre ayant touch\u00e9 une <strong>remise agricole d\u2019une surface avoisinant les 100\u00a0m2<\/strong>.<\/p>\n<p class=\" wall-content\">La gendarmerie et un \u00e9lu de la commune de Caujac \u00e9taient \u00e9galement pr\u00e9sents sur le site aux c\u00f4t\u00e9s des soldats du feu. <strong>\u00ab\u2009Aucune victime n\u2019est \u00e0 d\u00e9plorer\u2009\u00bb<\/strong>, rassurent les pompiers de Haute-Garonne au moment de dresser le bilan de ce feu.<\/p>\n<p class=\" wall-content\">Personnalisez votre actualit\u00e9 en ajoutant vos villes et m\u00e9dias en favori avec <a href=\"https:\/\/moncompte.actu.fr\" title=\"D\u00e9couvez Mon Actu\" rel=\"nofollow noopener\" data-trk=\"{&quot;cta&quot;:{&quot;action&quot;:&quot;https:\\\/\\\/moncompte.actu.fr&quot;,&quot;category&quot;:&quot;mon compte&quot;,&quot;from&quot;:&quot;article footer&quot;,&quot;name&quot;:&quot;Mon actu&quot;,&quot;type&quot;:&quot;cta&quot;}}\" target=\"_blank\">Mon Actu<\/a>.<\/p>\n","protected":false},"excerpt":{"rendered":"Par Paul Halbedel Publi\u00e9 le 7 sept. 2025 \u00e0 7h42 L\u2019alerte a \u00e9t\u00e9 donn\u00e9e peu apr\u00e8s 14\u2009h, ce&hellip;\n","protected":false},"author":2,"featured_media":372449,"comment_status":"","ping_status":"","sticky":false,"template":"","format":"standard","meta":{"footnotes":""},"categories":[2816],"tags":[1111,11,1777,674,118,1011,27,1310,12,2680,1311,25,2312],"class_list":{"0":"post-372448","1":"post","2":"type-post","3":"status-publish","4":"format-standard","5":"has-post-thumbnail","7":"category-toulouse","8":"tag-actu","9":"tag-actualites","10":"tag-eu","11":"tag-europe","12":"tag-faits-divers","13":"tag-fr","14":"tag-france","15":"tag-incendie","16":"tag-news","17":"tag-occitanie","18":"tag-pompiers","19":"tag-republique-francaise","20":"tag-toulouse"},"share_on_mastodon":{"url":"https:\/\/pubeurope.com\/@fr\/115161814986797887","error":""},"_links":{"self":[{"href":"https:\/\/www.europesays.com\/fr\/wp-json\/wp\/v2\/posts\/372448","targetHints":{"allow":["GET"]}}],"collection":[{"href":"https:\/\/www.europesays.com\/fr\/wp-json\/wp\/v2\/posts"}],"about":[{"href":"https:\/\/www.europesays.com\/fr\/wp-json\/wp\/v2\/types\/post"}],"author":[{"embeddable":true,"href":"https:\/\/www.europesays.com\/fr\/wp-json\/wp\/v2\/users\/2"}],"replies":[{"embeddable":true,"href":"https:\/\/www.europesays.com\/fr\/wp-json\/wp\/v2\/comments?post=372448"}],"version-history":[{"count":0,"href":"https:\/\/www.europesays.com\/fr\/wp-json\/wp\/v2\/posts\/372448\/revisions"}],"wp:featuredmedia":[{"embeddable":true,"href":"https:\/\/www.europesays.com\/fr\/wp-json\/wp\/v2\/media\/372449"}],"wp:attachment":[{"href":"https:\/\/www.europesays.com\/fr\/wp-json\/wp\/v2\/media?parent=372448"}],"wp:term":[{"taxonomy":"category","embeddable":true,"href":"https:\/\/www.europesays.com\/fr\/wp-json\/wp\/v2\/categories?post=372448"},{"taxonomy":"post_tag","embeddable":true,"href":"https:\/\/www.europesays.com\/fr\/wp-json\/wp\/v2\/tags?post=372448"}],"curies":[{"name":"wp","href":"https:\/\/api.w.org\/{rel}","templated":true}]}}