{"id":372450,"date":"2025-09-07T07:24:16","date_gmt":"2025-09-07T07:24:16","guid":{"rendered":"https:\/\/www.europesays.com\/fr\/372450\/"},"modified":"2025-09-07T07:24:16","modified_gmt":"2025-09-07T07:24:16","slug":"a-la-braderie-de-lille-hpi-est-une-fete-liberation","status":"publish","type":"post","link":"https:\/\/www.europesays.com\/fr\/372450\/","title":{"rendered":"A la braderie de Lille, \u00abHPI\u00bb est une f\u00eate \u2013 Lib\u00e9ration"},"content":{"rendered":"<p class=\"sc-cPiKLX AiZTS text-element\">Il n\u2019y aura pas de body l\u00e9opard ou de banane fluo pour tout le monde\u2026 Au premier jour de la braderie de Lille, ce samedi 6 septembre, la file d\u2019attente pour acc\u00e9der au stand HPI, qui brade les tenues port\u00e9es par <a href=\"https:\/\/www.liberation.fr\/portraits\/audrey-fleurot-haut-potentiel-dintranquillite-20220615_QBBNC6N2FVGBDGE4CBDQ2MADB4\/?redirected=1\" target=\"_blank\" rel=\"nofollow noopener\" title=\"https:\/\/www.liberation.fr\/portraits\/audrey-fleurot-haut-potentiel-dintranquillite-20220615_QBBNC6N2FVGBDGE4CBDQ2MADB4\/?redirected=1\">l\u2019h\u00e9ro\u00efne de la s\u00e9rie polici\u00e8re culte<\/a>, est immense. D\u00e8s 8 heures du matin samedi, une bonne centaine d\u2019admirateurs \u2013 des amatrices, en grande majorit\u00e9 \u2013 faisaient le pied de grue sur la place Louise-de-Bettignies sous un doux soleil d\u2019automne. <\/p>\n<p class=\"sc-cPiKLX AiZTS text-element\">Par crainte de d\u00e9bordements, l\u2019emplacement du stand n\u2019a \u00e9t\u00e9 r\u00e9v\u00e9l\u00e9 aux fans du couple Morgane Alvaro-Adam Karadec (incarn\u00e9s \u00e0 la t\u00e9l\u00e9vision par les acteurs Audrey Fleurot et Mehdi Nebbou) qu\u2019au tout dernier moment sur les r\u00e9seaux sociaux de TF1, la cha\u00eene sur laquelle les derniers \u00e9pisodes de l\u2019ultime saison de la c\u00e9l\u00e8bre s\u00e9rie (5,2 millions de t\u00e9l\u00e9spectateurs pour le cinqui\u00e8me \u00e9pisode in\u00e9dit de la saison 5 de HPI jeudi 4 septembre) sont actuellement diffus\u00e9s.<\/p>\n<p class=\"sc-cPiKLX AiZTS text-element\">\u00abOn a mis trois heures pour rentrer\u00bb, se f\u00e9licitent Marie et Gauthier, tout sourire. Originaire d\u2019Hazebrouck, le couple (elle est institutrice, il est boulanger) appr\u00e9cie le c\u00f4t\u00e9 loufoque des personnages d\u2019HPI. \u00abJe ne sais pas trop si c\u2019est une robe tr\u00e8s courte <\/p>\n","protected":false},"excerpt":{"rendered":"Il n\u2019y aura pas de body l\u00e9opard ou de banane fluo pour tout le monde\u2026 Au premier jour&hellip;\n","protected":false},"author":2,"featured_media":372451,"comment_status":"","ping_status":"","sticky":false,"template":"","format":"standard","meta":{"footnotes":""},"categories":[2815],"tags":[1111,11,1777,674,1011,27,811,1307,12,25],"class_list":{"0":"post-372450","1":"post","2":"type-post","3":"status-publish","4":"format-standard","5":"has-post-thumbnail","7":"category-lille","8":"tag-actu","9":"tag-actualites","10":"tag-eu","11":"tag-europe","12":"tag-fr","13":"tag-france","14":"tag-hauts-de-france","15":"tag-lille","16":"tag-news","17":"tag-republique-francaise"},"share_on_mastodon":{"url":"https:\/\/pubeurope.com\/@fr\/115161822992027897","error":""},"_links":{"self":[{"href":"https:\/\/www.europesays.com\/fr\/wp-json\/wp\/v2\/posts\/372450","targetHints":{"allow":["GET"]}}],"collection":[{"href":"https:\/\/www.europesays.com\/fr\/wp-json\/wp\/v2\/posts"}],"about":[{"href":"https:\/\/www.europesays.com\/fr\/wp-json\/wp\/v2\/types\/post"}],"author":[{"embeddable":true,"href":"https:\/\/www.europesays.com\/fr\/wp-json\/wp\/v2\/users\/2"}],"replies":[{"embeddable":true,"href":"https:\/\/www.europesays.com\/fr\/wp-json\/wp\/v2\/comments?post=372450"}],"version-history":[{"count":0,"href":"https:\/\/www.europesays.com\/fr\/wp-json\/wp\/v2\/posts\/372450\/revisions"}],"wp:featuredmedia":[{"embeddable":true,"href":"https:\/\/www.europesays.com\/fr\/wp-json\/wp\/v2\/media\/372451"}],"wp:attachment":[{"href":"https:\/\/www.europesays.com\/fr\/wp-json\/wp\/v2\/media?parent=372450"}],"wp:term":[{"taxonomy":"category","embeddable":true,"href":"https:\/\/www.europesays.com\/fr\/wp-json\/wp\/v2\/categories?post=372450"},{"taxonomy":"post_tag","embeddable":true,"href":"https:\/\/www.europesays.com\/fr\/wp-json\/wp\/v2\/tags?post=372450"}],"curies":[{"name":"wp","href":"https:\/\/api.w.org\/{rel}","templated":true}]}}