{"id":372456,"date":"2025-09-07T07:27:09","date_gmt":"2025-09-07T07:27:09","guid":{"rendered":"https:\/\/www.europesays.com\/fr\/372456\/"},"modified":"2025-09-07T07:27:09","modified_gmt":"2025-09-07T07:27:09","slug":"pollution-a-lyon-la-qualite-de-lair-reste-bonne-ce-dimanche","status":"publish","type":"post","link":"https:\/\/www.europesays.com\/fr\/372456\/","title":{"rendered":"Pollution \u00e0 Lyon : la qualit\u00e9 de l\u2019air reste bonne ce dimanche"},"content":{"rendered":"<p class=\"content\" style=\"font-size:1.2em;font-weight:700\">Les indices de l\u2019observatoire Atmo Auvergne-Rh\u00f4ne-Alpes seront une nouvelle fois moyens ce dimanche 7 septembre \u00e0 Lyon.<\/p>\n<p>La qualit\u00e9 de l\u2019air reste bonne dans l\u2019agglom\u00e9ration lyonnaise ce dimanche 7 septembre. Les indices Atmo Auvergne-Rh\u00f4ne-Alpes resteront, en effet, moyens tout au long de la journ\u00e9e. Des pics de pollution sur les principaux axes de circulation autour de Lyon seront n\u00e9anmoins enregistr\u00e9s dans l\u2019apr\u00e8s-midi.<\/p>\n<p>Mais attention, l\u2019observatoire pr\u00e9cise toutefois que la qualit\u00e9 de l\u2019air se d\u00e9grade dans le reste de la r\u00e9gion en raison de conditions favorables \u00e0 la production photochimique et pourrait s\u2019\u00e9tendre Lyon d\u2019ici lundi.<\/p>\n","protected":false},"excerpt":{"rendered":"Les indices de l\u2019observatoire Atmo Auvergne-Rh\u00f4ne-Alpes seront une nouvelle fois moyens ce dimanche 7 septembre \u00e0 Lyon. La&hellip;\n","protected":false},"author":2,"featured_media":372457,"comment_status":"","ping_status":"","sticky":false,"template":"","format":"standard","meta":{"footnotes":""},"categories":[1889],"tags":[1111,11,2430,1777,674,1011,27,2428,12,25],"class_list":{"0":"post-372456","1":"post","2":"type-post","3":"status-publish","4":"format-standard","5":"has-post-thumbnail","7":"category-lyon","8":"tag-actu","9":"tag-actualites","10":"tag-auvergne-rhone-alpes","11":"tag-eu","12":"tag-europe","13":"tag-fr","14":"tag-france","15":"tag-lyon","16":"tag-news","17":"tag-republique-francaise"},"share_on_mastodon":{"url":"https:\/\/pubeurope.com\/@fr\/115161834680585937","error":""},"_links":{"self":[{"href":"https:\/\/www.europesays.com\/fr\/wp-json\/wp\/v2\/posts\/372456","targetHints":{"allow":["GET"]}}],"collection":[{"href":"https:\/\/www.europesays.com\/fr\/wp-json\/wp\/v2\/posts"}],"about":[{"href":"https:\/\/www.europesays.com\/fr\/wp-json\/wp\/v2\/types\/post"}],"author":[{"embeddable":true,"href":"https:\/\/www.europesays.com\/fr\/wp-json\/wp\/v2\/users\/2"}],"replies":[{"embeddable":true,"href":"https:\/\/www.europesays.com\/fr\/wp-json\/wp\/v2\/comments?post=372456"}],"version-history":[{"count":0,"href":"https:\/\/www.europesays.com\/fr\/wp-json\/wp\/v2\/posts\/372456\/revisions"}],"wp:featuredmedia":[{"embeddable":true,"href":"https:\/\/www.europesays.com\/fr\/wp-json\/wp\/v2\/media\/372457"}],"wp:attachment":[{"href":"https:\/\/www.europesays.com\/fr\/wp-json\/wp\/v2\/media?parent=372456"}],"wp:term":[{"taxonomy":"category","embeddable":true,"href":"https:\/\/www.europesays.com\/fr\/wp-json\/wp\/v2\/categories?post=372456"},{"taxonomy":"post_tag","embeddable":true,"href":"https:\/\/www.europesays.com\/fr\/wp-json\/wp\/v2\/tags?post=372456"}],"curies":[{"name":"wp","href":"https:\/\/api.w.org\/{rel}","templated":true}]}}