{"id":372458,"date":"2025-09-07T07:28:11","date_gmt":"2025-09-07T07:28:11","guid":{"rendered":"https:\/\/www.europesays.com\/fr\/372458\/"},"modified":"2025-09-07T07:28:11","modified_gmt":"2025-09-07T07:28:11","slug":"meteo-encore-une-journee-chaude-et-ensoleillee-ce-dimanche-a-lyon-mais-avec-du-vent","status":"publish","type":"post","link":"https:\/\/www.europesays.com\/fr\/372458\/","title":{"rendered":"M\u00e9t\u00e9o : encore une journ\u00e9e chaude et ensoleill\u00e9e ce dimanche \u00e0 Lyon mais avec du vent"},"content":{"rendered":"<p>                            <img loading=\"lazy\" width=\"1074\" height=\"620\" class=\"attachment-article size-article wp-post-image lazyload\" alt=\"\" decoding=\"async\" src=\"https:\/\/www.europesays.com\/fr\/wp-content\/uploads\/2025\/05\/Vue-de-Lyon-sur-les-berges-du-Rhone-@CM-e1743789092937.jpg\" data-eio-rwidth=\"1074\" data-eio-rheight=\"620\"\/><\/p>\n<p>Vue de Lyon sur les berges du Rh\u00f4ne @CM<\/p>\n<p class=\"content\" style=\"font-size:1.2em;font-weight:700\">La m\u00e9t\u00e9o sera encore estivale ce dimanche 7 septembre \u00e0 Lyon. S\u2019il fera chaud dans l\u2019apr\u00e8s-midi avec 29 degr\u00e9s, il y aura toutefois beaucoup de vent.<\/p>\n<p>Comme hier, il fera tr\u00e8s beau ce dimanche 7 septembre \u00e0 Lyon. Le soleil brille d\u00e9j\u00e0 ce matin et le ciel est bleu. C\u00f4t\u00e9 temp\u00e9ratures, le mercure remonte par rapport \u00e0 samedi avec 16 degr\u00e9s. Du vent est \u00e9galement pr\u00e9sent et va s\u2019intensifier dans l\u2019apr\u00e8s-midi. \u2028\u2028<\/p>\n<p>Des rafales de vent de 50 km\/h en provenance du Sud sont en effet attendues au cours de la journ\u00e9e, tandis que les temp\u00e9ratures grimperont jusqu\u2019\u00e0 29 degr\u00e9s. Le ciel se couvrira cependant dans la soir\u00e9e avant de potentiels orages la nuit prochaine.<\/p>\n","protected":false},"excerpt":{"rendered":"Vue de Lyon sur les berges du Rh\u00f4ne @CM La m\u00e9t\u00e9o sera encore estivale ce dimanche 7 septembre&hellip;\n","protected":false},"author":2,"featured_media":96274,"comment_status":"","ping_status":"","sticky":false,"template":"","format":"standard","meta":{"footnotes":""},"categories":[1889],"tags":[1111,11,2430,1777,674,1011,27,2428,12,25],"class_list":{"0":"post-372458","1":"post","2":"type-post","3":"status-publish","4":"format-standard","5":"has-post-thumbnail","7":"category-lyon","8":"tag-actu","9":"tag-actualites","10":"tag-auvergne-rhone-alpes","11":"tag-eu","12":"tag-europe","13":"tag-fr","14":"tag-france","15":"tag-lyon","16":"tag-news","17":"tag-republique-francaise"},"share_on_mastodon":{"url":"https:\/\/pubeurope.com\/@fr\/115161838786705964","error":""},"_links":{"self":[{"href":"https:\/\/www.europesays.com\/fr\/wp-json\/wp\/v2\/posts\/372458","targetHints":{"allow":["GET"]}}],"collection":[{"href":"https:\/\/www.europesays.com\/fr\/wp-json\/wp\/v2\/posts"}],"about":[{"href":"https:\/\/www.europesays.com\/fr\/wp-json\/wp\/v2\/types\/post"}],"author":[{"embeddable":true,"href":"https:\/\/www.europesays.com\/fr\/wp-json\/wp\/v2\/users\/2"}],"replies":[{"embeddable":true,"href":"https:\/\/www.europesays.com\/fr\/wp-json\/wp\/v2\/comments?post=372458"}],"version-history":[{"count":0,"href":"https:\/\/www.europesays.com\/fr\/wp-json\/wp\/v2\/posts\/372458\/revisions"}],"wp:featuredmedia":[{"embeddable":true,"href":"https:\/\/www.europesays.com\/fr\/wp-json\/wp\/v2\/media\/96274"}],"wp:attachment":[{"href":"https:\/\/www.europesays.com\/fr\/wp-json\/wp\/v2\/media?parent=372458"}],"wp:term":[{"taxonomy":"category","embeddable":true,"href":"https:\/\/www.europesays.com\/fr\/wp-json\/wp\/v2\/categories?post=372458"},{"taxonomy":"post_tag","embeddable":true,"href":"https:\/\/www.europesays.com\/fr\/wp-json\/wp\/v2\/tags?post=372458"}],"curies":[{"name":"wp","href":"https:\/\/api.w.org\/{rel}","templated":true}]}}