{"id":372459,"date":"2025-09-07T07:31:09","date_gmt":"2025-09-07T07:31:09","guid":{"rendered":"https:\/\/www.europesays.com\/fr\/372459\/"},"modified":"2025-09-07T07:31:09","modified_gmt":"2025-09-07T07:31:09","slug":"cet-endroit-splendide-des-invalides-est-a-visiter-pour-la-premiere-fois-pendant-deux-jours-seulement","status":"publish","type":"post","link":"https:\/\/www.europesays.com\/fr\/372459\/","title":{"rendered":"cet endroit splendide des Invalides est \u00e0 visiter pour la premi\u00e8re fois pendant deux jours seulement"},"content":{"rendered":"<p>            Par<br \/>\n        <strong><br \/>\n            <a href=\"https:\/\/actu.fr\/auteur\/redaction-paris\" title=\"Consulter tous les articles de R\u00e9daction Paris\" target=\"_blank\" rel=\"noopener\">R\u00e9daction Paris<\/a><br \/>\n        <\/strong><\/p>\n<p>        Publi\u00e9 le<\/p>\n<p>            7 sept. 2025 \u00e0 7h04        <\/p>\n<p>Quand on \u00e9voque une visite des <a href=\"https:\/\/actu.fr\/tag\/invalides\" target=\"_blank\" rel=\"noopener\">Invalides<\/a>, c\u2019est forc\u00e9ment le <a href=\"https:\/\/actu.fr\/ile-de-france\/paris_75056\/paris-le-dome-des-invalides-comme-vous-ne-l-avez-jamais-vu_60110243.html\" target=\"_blank\" rel=\"noopener\">d\u00f4me<\/a> et le mus\u00e9e de l\u2019Arm\u00e9e qui viennent en premier. Certains visiteurs poussent \u00e9galement jusqu\u2019\u00e0 la splendide cath\u00e9drale Saint-Louis \u00e0 voir au moins une fois. A l\u2019occasion des <a href=\"https:\/\/actu.fr\/tag\/journees-europeennes-du-patrimoine\" target=\"_blank\" rel=\"noopener\">Journ\u00e9es europ\u00e9ennes du patrimoine<\/a>, un autre endroit se d\u00e9voile exceptionnellement : les salons du gouverneur militaire de Paris \u00e0 visiter, sur r\u00e9servation, les samedi 20 et dimanche 21 septembre 2025.\u00a0<\/p>\n<p>Organisateur du 14-Juillet mais pas seulement<\/p>\n<p class=\" wall-content\">Pour la premi\u00e8re fois, le gouverneur militaire de Paris ouvre les portes de ses espaces priv\u00e9s. Les visiteurs pourront, par groupe de dix, acc\u00e9der au bureau du g\u00e9n\u00e9ral, au grand hall et aux salons d\u2019apparat.\u00a0<\/p>\n<p class=\" wall-content\">Les militaires du cabinet et des r\u00e9servistes citoyens seront pr\u00e9sents pour r\u00e9pondre \u00e0 toutes leurs questions.<\/p>\n<p class=\" wall-content\">Le gouverneur militaire de Paris a quitt\u00e9 la place Vend\u00f4me en 1898 pour s\u2019installer \u00e0 l\u2019H\u00f4tel national des Invalides qui \u00e9tait alors un h\u00f4pital consacr\u00e9 aux soldats bless\u00e9s et un mus\u00e9e.<\/p>\n<p class=\" wall-content\">Bien connu pour l\u2019organisation du c\u00e9l\u00e8bre d\u00e9fil\u00e9 militaire du <a href=\"https:\/\/actu.fr\/societe\/14-juillet-que-celebre-t-on-vraiment-pour-la-fete-nationale-et-ce-n-est-pas-que-la-prise-de-la-bastille_62893899.html\" target=\"_blank\" rel=\"noopener\">14-Juillet<\/a>, le gouverneur militaire de Paris est avant tout un chef op\u00e9rationnel, responsable de la coordination des moyens des arm\u00e9es et des services interarm\u00e9es contribuant \u00e0 la d\u00e9fense civile. \u00c0 ce titre, il commande, depuis janvier 2015, la Force Sentinelle d\u00e9ploy\u00e9e en \u00cele-de-France.<\/p>\n<p class=\" wall-content\">R\u00e9servation par mail \u00e0 <a href=\"https:\/\/actu.fr\/cdn-cgi\/l\/email-protection\" class=\"__cf_email__\" data-cfemail=\"7b091e081e090d1a0f121415083b160e081e1e561a09161e1e551d09\" target=\"_blank\" rel=\"noopener\">[email\u00a0protected]<\/a> (jusqu\u2019au 15 septembre) ou sur place le jour m\u00eame dans la limite des places disponibles<\/p>\n<p class=\" wall-content\">Personnalisez votre actualit\u00e9 en ajoutant vos villes et m\u00e9dias en favori avec <a href=\"https:\/\/moncompte.actu.fr\" title=\"D\u00e9couvez Mon Actu\" rel=\"nofollow noopener\" data-trk=\"{&quot;cta&quot;:{&quot;action&quot;:&quot;https:\\\/\\\/moncompte.actu.fr&quot;,&quot;category&quot;:&quot;mon compte&quot;,&quot;from&quot;:&quot;article footer&quot;,&quot;name&quot;:&quot;Mon actu&quot;,&quot;type&quot;:&quot;cta&quot;}}\" target=\"_blank\">Mon Actu<\/a>.<\/p>\n","protected":false},"excerpt":{"rendered":"Par R\u00e9daction Paris Publi\u00e9 le 7 sept. 2025 \u00e0 7h04 Quand on \u00e9voque une visite des Invalides, c\u2019est&hellip;\n","protected":false},"author":2,"featured_media":372460,"comment_status":"","ping_status":"","sticky":false,"template":"","format":"standard","meta":{"footnotes":""},"categories":[1888],"tags":[1111,1928,11,1927,1777,674,1011,27,47275,50433,1652,12,1926,626,1925,2551,25],"class_list":{"0":"post-372459","1":"post","2":"type-post","3":"status-publish","4":"format-standard","5":"has-post-thumbnail","7":"category-paris","8":"tag-actu","9":"tag-actu-paris","10":"tag-actualites","11":"tag-actualites-paris","12":"tag-eu","13":"tag-europe","14":"tag-fr","15":"tag-france","16":"tag-journees-europeennes-du-patrimoine","17":"tag-les-invalides","18":"tag-loisirs-culture","19":"tag-news","20":"tag-news-paris","21":"tag-paris","22":"tag-paris-news","23":"tag-patrimoine","24":"tag-republique-francaise"},"share_on_mastodon":{"url":"https:\/\/pubeurope.com\/@fr\/115161850402145635","error":""},"_links":{"self":[{"href":"https:\/\/www.europesays.com\/fr\/wp-json\/wp\/v2\/posts\/372459","targetHints":{"allow":["GET"]}}],"collection":[{"href":"https:\/\/www.europesays.com\/fr\/wp-json\/wp\/v2\/posts"}],"about":[{"href":"https:\/\/www.europesays.com\/fr\/wp-json\/wp\/v2\/types\/post"}],"author":[{"embeddable":true,"href":"https:\/\/www.europesays.com\/fr\/wp-json\/wp\/v2\/users\/2"}],"replies":[{"embeddable":true,"href":"https:\/\/www.europesays.com\/fr\/wp-json\/wp\/v2\/comments?post=372459"}],"version-history":[{"count":0,"href":"https:\/\/www.europesays.com\/fr\/wp-json\/wp\/v2\/posts\/372459\/revisions"}],"wp:featuredmedia":[{"embeddable":true,"href":"https:\/\/www.europesays.com\/fr\/wp-json\/wp\/v2\/media\/372460"}],"wp:attachment":[{"href":"https:\/\/www.europesays.com\/fr\/wp-json\/wp\/v2\/media?parent=372459"}],"wp:term":[{"taxonomy":"category","embeddable":true,"href":"https:\/\/www.europesays.com\/fr\/wp-json\/wp\/v2\/categories?post=372459"},{"taxonomy":"post_tag","embeddable":true,"href":"https:\/\/www.europesays.com\/fr\/wp-json\/wp\/v2\/tags?post=372459"}],"curies":[{"name":"wp","href":"https:\/\/api.w.org\/{rel}","templated":true}]}}