{"id":372469,"date":"2025-09-07T07:36:11","date_gmt":"2025-09-07T07:36:11","guid":{"rendered":"https:\/\/www.europesays.com\/fr\/372469\/"},"modified":"2025-09-07T07:36:11","modified_gmt":"2025-09-07T07:36:11","slug":"leurope-doit-sortir-de-sa-dependance-et-assumer-des-rapports-de-force","status":"publish","type":"post","link":"https:\/\/www.europesays.com\/fr\/372469\/","title":{"rendered":"\u00ab\u00a0L\u2019Europe doit sortir de sa d\u00e9pendance et assumer des rapports de force\u00a0\u00bb"},"content":{"rendered":"<p>Au sortir d&rsquo;un sombre \u00e9t\u00e9 pour l&rsquo;<a class=\"Link\" href=\"https:\/\/www.lepoint.fr\/tags\/union-europeenne\" data-gtm=\"click:capsule\" data-capsule=\"Lien\" target=\"_blank\" rel=\"noopener\">Union europ\u00e9enne<\/a> et \u00e0 la veille d&rsquo;une semaine politique de tous les dangers pour la France, Benjamin Haddad\u00a0revient sur les garanties de s\u00e9curit\u00e9 pour l&rsquo;Ukraine n\u00e9goci\u00e9es avec l&rsquo;administration Trump, les tensions commerciales transatlantiques et les d\u00e9fis de comp\u00e9titivit\u00e9 europ\u00e9enne. Pour lui, l&rsquo;Europe doit apprendre \u00e0 \u00ab\u00a0se comporter comme une puissance\u00a0\u00bb dans un monde redevenu violent, tout en pr\u00e9servant le leadership fran\u00e7ais malgr\u00e9 la crise politique nationale. La quadrature du cercle\u00a0? Ses r\u00e9ponses.<\/p>\n<p><strong><strong class=\"glbl-red\">Le Point\u00a0:<\/strong> Depuis\u00a0l&rsquo;appel, jeudi, entre le pr\u00e9sident Trump et la coalition des volontaires r\u00e9unis \u00e0 Paris, sur quelles garanties concr\u00e8tes de s\u00e9curit\u00e9 travaille\u00a0l&rsquo;administration Trump\u00a0? Donald Trump a-t-il \u00e9t\u00e9 plus pr\u00e9cis qu&rsquo;\u00e0 Washington le 18\u00a0ao\u00fbt\u00a0?<\/strong><\/p>\n<p><strong class=\"glbl-red\"><strong>Benjam&#8230;<\/strong><\/strong><\/p>\n<p>Toute l\u2019actualit\u00e9 \u00e0 1\u20ac le premier mois<\/p>\n<p><a href=\"https:\/\/abo.lepoint.fr\/?provenance=21EDI020098\" class=\"btn\" title=\"S&#039;abonner\" data-gtm=\"click:abo|display:abo\" data-campaign=\"paywall_maison\" target=\"_blank\" rel=\"noopener\">S&rsquo;abonner<\/a><\/p>\n<p>ou<\/p>\n","protected":false},"excerpt":{"rendered":"Au sortir d&rsquo;un sombre \u00e9t\u00e9 pour l&rsquo;Union europ\u00e9enne et \u00e0 la veille d&rsquo;une semaine politique de tous les&hellip;\n","protected":false},"author":2,"featured_media":372470,"comment_status":"","ping_status":"","sticky":false,"template":"","format":"standard","meta":{"footnotes":""},"categories":[1590],"tags":[11,2160,75,1073,1777,674,12,132,220,364,2544],"class_list":{"0":"post-372469","1":"post","2":"type-post","3":"status-publish","4":"format-standard","5":"has-post-thumbnail","7":"category-ukraine","8":"tag-actualites","9":"tag-commerce-international","10":"tag-donald-trump","11":"tag-emmanuel-macron","12":"tag-eu","13":"tag-europe","14":"tag-news","15":"tag-russie","16":"tag-ukraine","17":"tag-union-europeenne","18":"tag-ursula-von-der-leyen"},"share_on_mastodon":{"url":"https:\/\/pubeurope.com\/@fr\/115161870017718769","error":""},"_links":{"self":[{"href":"https:\/\/www.europesays.com\/fr\/wp-json\/wp\/v2\/posts\/372469","targetHints":{"allow":["GET"]}}],"collection":[{"href":"https:\/\/www.europesays.com\/fr\/wp-json\/wp\/v2\/posts"}],"about":[{"href":"https:\/\/www.europesays.com\/fr\/wp-json\/wp\/v2\/types\/post"}],"author":[{"embeddable":true,"href":"https:\/\/www.europesays.com\/fr\/wp-json\/wp\/v2\/users\/2"}],"replies":[{"embeddable":true,"href":"https:\/\/www.europesays.com\/fr\/wp-json\/wp\/v2\/comments?post=372469"}],"version-history":[{"count":0,"href":"https:\/\/www.europesays.com\/fr\/wp-json\/wp\/v2\/posts\/372469\/revisions"}],"wp:featuredmedia":[{"embeddable":true,"href":"https:\/\/www.europesays.com\/fr\/wp-json\/wp\/v2\/media\/372470"}],"wp:attachment":[{"href":"https:\/\/www.europesays.com\/fr\/wp-json\/wp\/v2\/media?parent=372469"}],"wp:term":[{"taxonomy":"category","embeddable":true,"href":"https:\/\/www.europesays.com\/fr\/wp-json\/wp\/v2\/categories?post=372469"},{"taxonomy":"post_tag","embeddable":true,"href":"https:\/\/www.europesays.com\/fr\/wp-json\/wp\/v2\/tags?post=372469"}],"curies":[{"name":"wp","href":"https:\/\/api.w.org\/{rel}","templated":true}]}}