{"id":372473,"date":"2025-09-07T07:38:14","date_gmt":"2025-09-07T07:38:14","guid":{"rendered":"https:\/\/www.europesays.com\/fr\/372473\/"},"modified":"2025-09-07T07:38:14","modified_gmt":"2025-09-07T07:38:14","slug":"130-000-etudiants-etrangers-menaces-dexpulsion","status":"publish","type":"post","link":"https:\/\/www.europesays.com\/fr\/372473\/","title":{"rendered":"130 000 \u00e9tudiants \u00e9trangers menac\u00e9s d\u2019expulsion"},"content":{"rendered":"\n<p><a class=\"ithalc\" data-ithal=\"lien_externe\" data-ithalc=\"[nav_article]\" target=\"_blank\" href=\"https:\/\/www.theguardian.com\/uk-news\/2025\/sep\/02\/home-office-tells-foreign-students-they-will-be-removed-if-they-overstay-visas\" rel=\"nofollow noopener\">Selon le <strong>Guardian<\/strong>,<\/a> le minist\u00e8re britannique de l\u2019Int\u00e9rieur s\u2019appr\u00eate \u00e0 lancer une offensive in\u00e9dite contre les \u00e9tudiants \u00e9trangers qui prolongent ill\u00e9galement leur s\u00e9jour. Quelque 130\u00a0000 personnes \u2013\u00a0\u00e9tudiants et familles\u00a0\u2013 recevront pour la premi\u00e8re fois un message officiel leur enjoignant de quitter le pays s\u2019ils n\u2019ont plus de droit au s\u00e9jour. Cette initiative intervient alors que Londres d\u00e9nonce une hausse jug\u00e9e \u201calarmante\u201d des demandes d\u2019asile \u00e9manant d\u2019expatri\u00e9s venus initialement avec un visa \u00e9tudiant.<\/p>\n<p>Le texte envoy\u00e9 aux concern\u00e9s illustre la fermet\u00e9 du gouvernement\u00a0: \u201cSi vous soumettez une demande d\u2019asile sans fondement, elle sera rapidement et vigoureusement refus\u00e9e. Toute demande de soutien sera \u00e9valu\u00e9e selon des crit\u00e8res de d\u00e9nuement. Si vous ne remplissez pas ces crit\u00e8res, vous ne recevrez aucun soutien. Si vous n\u2019avez pas le droit l\u00e9gal de rester au Royaume-Uni, vous devez partir. Si vous ne partez pas, nous vous expulserons.\u201d<\/p>\n<p>               Premier contingent de demandeurs d\u2019asile       <\/p>\n<p>En 2024, pr\u00e8s de 16\u00a0000 \u00e9tudiants ont demand\u00e9 l\u2019asile \u00e0 l\u2019expiration de leur visa, soit pr\u00e8s de six\u00a0fois plus qu\u2019en\u00a02020. Selon les chiffres officiels, ils repr\u00e9sentent aujourd\u2019hui le premier contingent de demandeurs d\u2019asile parmi les titulaires de visas. Si certains dossiers sont fond\u00e9s, les ministres soup\u00e7onnent une d\u00e9rive strat\u00e9gique\u00a0: utiliser l\u2019asile comme voie de maintien sur le sol britannique. Pour endiguer le ph\u00e9nom\u00e8ne, Londres a d\u00e9j\u00e0 r\u00e9duit le d\u00e9lai de s\u00e9jour post-dipl\u00f4me de deux\u00a0ans \u00e0\u00a0dix-huit\u00a0mois.<\/p>\n<p>La mesure suscite un toll\u00e9 dans le monde acad\u00e9mique. Jo Grady, secr\u00e9taire g\u00e9n\u00e9rale du Syndicat des enseignants et chercheurs, y voit \u201cune attaque contre les \u00e9tudiants internationaux qui n\u2019a que tr\u00e8s peu \u00e0 voir avec les d\u00e9passements de visa et tout \u00e0 voir avec une tentative d\u2019imiter Reform\u201d. Elle estime que le gouvernement devrait plut\u00f4t \u201cfaire valoir une Grande-Bretagne accueillante et \u00e9conomiquement forte, dont les \u00e9tudiants internationaux et un enseignement sup\u00e9rieur de rang mondial sont une partie int\u00e9grante.\u201d<\/p>\n<p>Au-del\u00e0 des chiffres, le message est clair\u00a0: l\u2019ex\u00e9cutif veut montrer qu\u2019il contr\u00f4le non seulement les arriv\u00e9es par canot sur la Manche, mais aussi les flux plus discrets des expatri\u00e9s venus l\u00e9galement.<\/p>\n","protected":false},"excerpt":{"rendered":"Selon le Guardian, le minist\u00e8re britannique de l\u2019Int\u00e9rieur s\u2019appr\u00eate \u00e0 lancer une offensive in\u00e9dite contre les \u00e9tudiants \u00e9trangers&hellip;\n","protected":false},"author":2,"featured_media":372474,"comment_status":"","ping_status":"","sticky":false,"template":"","format":"standard","meta":{"footnotes":""},"categories":[1588],"tags":[11,1856,1777,674,4315,12,473,1853,11084,6277,1851,1850,1852],"class_list":{"0":"post-372473","1":"post","2":"type-post","3":"status-publish","4":"format-standard","5":"has-post-thumbnail","7":"category-royaume-uni","8":"tag-actualites","9":"tag-courrier-expat","10":"tag-eu","11":"tag-europe","12":"tag-expatriation","13":"tag-news","14":"tag-royaume-uni","15":"tag-royaume-uni-de-grande-bretagne-et-dirlande-du-nord","16":"tag-u00e9ducation","17":"tag-u00e9tudiants-internationaux","18":"tag-uk","19":"tag-united-kingdom","20":"tag-united-kingdom-of-great-britain-and-northern-ireland"},"share_on_mastodon":{"url":"https:\/\/pubeurope.com\/@fr\/115161877949730790","error":""},"_links":{"self":[{"href":"https:\/\/www.europesays.com\/fr\/wp-json\/wp\/v2\/posts\/372473","targetHints":{"allow":["GET"]}}],"collection":[{"href":"https:\/\/www.europesays.com\/fr\/wp-json\/wp\/v2\/posts"}],"about":[{"href":"https:\/\/www.europesays.com\/fr\/wp-json\/wp\/v2\/types\/post"}],"author":[{"embeddable":true,"href":"https:\/\/www.europesays.com\/fr\/wp-json\/wp\/v2\/users\/2"}],"replies":[{"embeddable":true,"href":"https:\/\/www.europesays.com\/fr\/wp-json\/wp\/v2\/comments?post=372473"}],"version-history":[{"count":0,"href":"https:\/\/www.europesays.com\/fr\/wp-json\/wp\/v2\/posts\/372473\/revisions"}],"wp:featuredmedia":[{"embeddable":true,"href":"https:\/\/www.europesays.com\/fr\/wp-json\/wp\/v2\/media\/372474"}],"wp:attachment":[{"href":"https:\/\/www.europesays.com\/fr\/wp-json\/wp\/v2\/media?parent=372473"}],"wp:term":[{"taxonomy":"category","embeddable":true,"href":"https:\/\/www.europesays.com\/fr\/wp-json\/wp\/v2\/categories?post=372473"},{"taxonomy":"post_tag","embeddable":true,"href":"https:\/\/www.europesays.com\/fr\/wp-json\/wp\/v2\/tags?post=372473"}],"curies":[{"name":"wp","href":"https:\/\/api.w.org\/{rel}","templated":true}]}}