{"id":372477,"date":"2025-09-07T07:40:12","date_gmt":"2025-09-07T07:40:12","guid":{"rendered":"https:\/\/www.europesays.com\/fr\/372477\/"},"modified":"2025-09-07T07:40:12","modified_gmt":"2025-09-07T07:40:12","slug":"en-europe-les-filles-moins-fortes-dans-les-filieres-scientifiques-ce-que-revele-une-etude-lexpress","status":"publish","type":"post","link":"https:\/\/www.europesays.com\/fr\/372477\/","title":{"rendered":"En Europe, les filles moins fortes dans les fili\u00e8res scientifiques\u00a0? Ce que r\u00e9v\u00e8le une \u00e9tude \u2013 L&rsquo;Express"},"content":{"rendered":"<p class=\"paragraph article-body-paragraph article__item   article-body-paragraph--first \">D\u00e8s le <a href=\"https:\/\/www.lexpress.fr\/societe\/education\/en-mathematiques-les-inegalites-garcons-filles-apparaissent-des-le-cp-la-preuve-en-chiffres-QFN4Z4XJ2NAENKFOU6QSXLYXGI\/\" target=\"_self\" rel=\"nofollow noopener\" title=\"https:\/\/www.lexpress.fr\/societe\/education\/en-mathematiques-les-inegalites-garcons-filles-apparaissent-des-le-cp-la-preuve-en-chiffres-QFN4Z4XJ2NAENKFOU6QSXLYXGI\/\">cours pr\u00e9paratoire<\/a> (CP), des in\u00e9galit\u00e9s d\u2019apprentissage se forment entre les gar\u00e7ons et les filles. La derni\u00e8re \u00e9dition de l\u2019\u00e9tude Timss qui \u00e9value les r\u00e9sultats des \u00e9coliers de CM1 et de 4e en maths et en sciences d\u00e9montre ainsi un \u00e9cart qui s\u2019accentue entre gar\u00e7ons et filles dans les mati\u00e8res scientifiques. Toute l\u2019Europe est touch\u00e9e dans une certaine mesure mais le ph\u00e9nom\u00e8ne est <a href=\"https:\/\/www.lexpress.fr\/societe\/education\/education-linquietant-decrochage-des-filles-en-mathematiques-ICEX42FJ5BHIXCSA4F73PMM7SM\/\" target=\"_self\" rel=\"nofollow noopener\" title=\"https:\/\/www.lexpress.fr\/societe\/education\/education-linquietant-decrochage-des-filles-en-mathematiques-ICEX42FJ5BHIXCSA4F73PMM7SM\/\">particuli\u00e8rement pr\u00e9gnant<\/a> en France : non seulement les scores moyens des \u00e9coliers fran\u00e7ais sont en de\u00e7\u00e0 de ceux de nos voisins, mais l\u2019\u00e9cart entre le score des gar\u00e7ons et celui des filles est parmi les plus \u00e9lev\u00e9 du monde.<\/p>\n<p><img decoding=\"async\" src=\"https:\/\/www.europesays.com\/fr\/wp-content\/uploads\/2025\/09\/IOFNQKUY3NDNZMA3NOPEX6RZFQ.png\" class=\"image-with-legend__cover-img\" alt=\"Les \u00e9coli\u00e8res sont toujours derri\u00e8re leurs camarades masculins dans les fili\u00e8res scientifiques.\" width=\"883\" height=\"0\" loading=\"lazy\"\/><\/p>\n<p class=\"image-with-legend__legend\">Les \u00e9coli\u00e8res sont toujours derri\u00e8re leurs camarades masculins dans les fili\u00e8res scientifiques.<\/p>\n<p class=\"image-with-legend__credits\"> \u00a9  \/ Lucile Laurent \/ L&rsquo;Express<\/p>\n<p class=\"paragraph article-body-paragraph article__item   \">Ces disparit\u00e9s pr\u00e9coces entra\u00eenent des in\u00e9galit\u00e9s \u00e0 l\u2019\u00e2ge adulte : dans certains pays europ\u00e9ens comme l\u2019Allemagne, la Belgique ou l\u2019Autriche, moins de 30 % des femmes dipl\u00f4m\u00e9es du sup\u00e9rieur l\u2019ont \u00e9t\u00e9 dans un domaine scientifique. Du c\u00f4t\u00e9 des meilleurs \u00e9l\u00e8ves, on retrouve la Pologne, la Roumanie ou encore le Liechtenstein qui a largement investi dans la num\u00e9risation des \u00e9coles et l\u2019enseignement des bases informatiques d\u00e8s le plus jeune \u00e2ge.<\/p>\n<p><strong class=\"article-body-link-list__item text-gray-800 article-body-link-list__item--one-item\">LIRE AUSSI : <a class=\"article-body-link-list__item-link\" href=\"https:\/\/www.lexpress.fr\/societe\/education\/stanislas-dehaene-les-enfants-doivent-etre-inities-aux-mathematiques-des-la-maternelle-QCN4WNIMWFETBPB223JO2LF33U\/\" target=\"_blank\" rel=\"noreferrer nofollow noopener\">Stanislas Dehaene : \u00ab\u00a0Les enfants doivent \u00eatre initi\u00e9s aux math\u00e9matiques d\u00e8s la maternelle\u00a0\u00bb<\/a><\/strong><\/p>\n<p class=\"paragraph article-body-paragraph article__item   \">R\u00e9duire ce retard des \u00e9coli\u00e8res dans les domaines scientifiques est d\u00e9terminant. En effet, les pays ou l\u2019\u00e9cart est le moins important dans les r\u00e9sultats de l\u2019\u00e9tude Timss sont aussi souvent des pays qui obtiennent les scores globaux \u00e9lev\u00e9s.<\/p>\n<p><img decoding=\"async\" src=\"https:\/\/www.europesays.com\/fr\/wp-content\/uploads\/2025\/09\/DYXA2DWZLBGSNLFCFKZJSZL77A.png\" class=\"image-with-legend__cover-img\" alt=\"Les pays europ\u00e9ens ne sont pas \u00e9gaux quant \u00e0 la part de femmes dipl\u00f4m\u00e9es dans les fili\u00e8res scientifiques.\" width=\"883\" height=\"0\" loading=\"lazy\"\/><\/p>\n<p class=\"image-with-legend__legend\">Les pays europ\u00e9ens ne sont pas \u00e9gaux quant \u00e0 la part de femmes dipl\u00f4m\u00e9es dans les fili\u00e8res scientifiques.<\/p>\n<p class=\"image-with-legend__credits\"> \u00a9  \/ Lucile Laurent \/ L&rsquo;Express<\/p>\n<p class=\"paragraph article-body-paragraph article__item    article__text__endpicto\">Pour tenter de rem\u00e9dier \u00e0 cette situation, de nombreux organismes ont pris des initiatives. En Pologne par exemple, l\u2019organisation non gouvernementale Perspektywy a cr\u00e9\u00e9 le programme \u00ab\u00a0Girls As Engineers !\u00a0\u00bb qui parraine environ 200 000 lyc\u00e9ennes et \u00e9tudiantes et les invite \u00e0 participe \u00e0 diverses activit\u00e9s. La Commission europ\u00e9enne finance des formations sp\u00e9cifiques via le programme \u00ab\u00a0Girls Go Circular\u00a0\u00bb tandis que le minist\u00e8re de l\u2019Education fran\u00e7ais a adopt\u00e9 en mai dernier, plusieurs mesures pour lutter contre les st\u00e9r\u00e9otypes de genre et encourager les jeunes filles \u00e0 poursuivre des \u00e9tudes scientifiques. Ce plan, sobrement baptis\u00e9 \u00ab\u00a0<a href=\"https:\/\/www.lexpress.fr\/societe\/education\/filles-et-maths-le-plan-delisabeth-borne-pour-feminiser-les-filieres-scientifiques-SXEALMET2NF65OTFQTQIZEZOWU\/\" target=\"_self\" rel=\"nofollow noopener\" title=\"https:\/\/www.lexpress.fr\/societe\/education\/filles-et-maths-le-plan-delisabeth-borne-pour-feminiser-les-filieres-scientifiques-SXEALMET2NF65OTFQTQIZEZOWU\/\">Filles et maths<\/a>\u00a0\u00bb a \u00e9t\u00e9 d\u00e9ploy\u00e9 dans les \u00e9conomies volontaires en cette rentr\u00e9e 2025. Une g\u00e9n\u00e9ralisation est pr\u00e9vue \u00e0 la rentr\u00e9e 2026.<\/p>\n<p>Le groupe L&rsquo;Express lance L&rsquo;Express \u00c9ducation<\/p>\n<p>Une initiative d\u00e9di\u00e9e au secteur de l&rsquo;\u00e9ducation, et plus sp\u00e9cifiquement \u00e0 l&rsquo;enseignement sup\u00e9rieur, pour aider les \u00e9tudiants et leurs parents \u00e0 faire un choix \u00e9clair\u00e9 sur la meilleure \u00e9cole.<\/p>\n<p>D\u00c9COUVREZ L&rsquo;EXPRESS \u00c9DUCATION <\/p>\n","protected":false},"excerpt":{"rendered":"D\u00e8s le cours pr\u00e9paratoire (CP), des in\u00e9galit\u00e9s d\u2019apprentissage se forment entre les gar\u00e7ons et les filles. La derni\u00e8re&hellip;\n","protected":false},"author":2,"featured_media":372478,"comment_status":"","ping_status":"","sticky":false,"template":"","format":"standard","meta":{"footnotes":""},"categories":[1586],"tags":[11,1057,1777,674,1011,27,74,12,25,104],"class_list":{"0":"post-372477","1":"post","2":"type-post","3":"status-publish","4":"format-standard","5":"has-post-thumbnail","7":"category-europe","8":"tag-actualites","9":"tag-education","10":"tag-eu","11":"tag-europe","12":"tag-fr","13":"tag-france","14":"tag-monde","15":"tag-news","16":"tag-republique-francaise","17":"tag-societe"},"share_on_mastodon":{"url":"https:\/\/pubeurope.com\/@fr\/115161885916147636","error":""},"_links":{"self":[{"href":"https:\/\/www.europesays.com\/fr\/wp-json\/wp\/v2\/posts\/372477","targetHints":{"allow":["GET"]}}],"collection":[{"href":"https:\/\/www.europesays.com\/fr\/wp-json\/wp\/v2\/posts"}],"about":[{"href":"https:\/\/www.europesays.com\/fr\/wp-json\/wp\/v2\/types\/post"}],"author":[{"embeddable":true,"href":"https:\/\/www.europesays.com\/fr\/wp-json\/wp\/v2\/users\/2"}],"replies":[{"embeddable":true,"href":"https:\/\/www.europesays.com\/fr\/wp-json\/wp\/v2\/comments?post=372477"}],"version-history":[{"count":0,"href":"https:\/\/www.europesays.com\/fr\/wp-json\/wp\/v2\/posts\/372477\/revisions"}],"wp:featuredmedia":[{"embeddable":true,"href":"https:\/\/www.europesays.com\/fr\/wp-json\/wp\/v2\/media\/372478"}],"wp:attachment":[{"href":"https:\/\/www.europesays.com\/fr\/wp-json\/wp\/v2\/media?parent=372477"}],"wp:term":[{"taxonomy":"category","embeddable":true,"href":"https:\/\/www.europesays.com\/fr\/wp-json\/wp\/v2\/categories?post=372477"},{"taxonomy":"post_tag","embeddable":true,"href":"https:\/\/www.europesays.com\/fr\/wp-json\/wp\/v2\/tags?post=372477"}],"curies":[{"name":"wp","href":"https:\/\/api.w.org\/{rel}","templated":true}]}}