{"id":372479,"date":"2025-09-07T07:41:10","date_gmt":"2025-09-07T07:41:10","guid":{"rendered":"https:\/\/www.europesays.com\/fr\/372479\/"},"modified":"2025-09-07T07:41:10","modified_gmt":"2025-09-07T07:41:10","slug":"histoire-la-rentree-scolaire-a-t-elle-toujours-eu-lieu-en-septembre","status":"publish","type":"post","link":"https:\/\/www.europesays.com\/fr\/372479\/","title":{"rendered":"Histoire. La rentr\u00e9e scolaire a-t-elle toujours eu lieu en septembre ?"},"content":{"rendered":"<p>Qui dit\u00a0septembre dit rentr\u00e9e scolaire\u00a0! Pourtant, cela n&rsquo;a pas toujours \u00e9t\u00e9 le cas. En 1231, le pape accorde une tr\u00eave estivale d&rsquo;un mois aux \u00e9tudiants entre ao\u00fbt et septembre. Pendant cette p\u00e9riode, les jeunes sont mobilis\u00e9s pour les moissons et les\u00a0vendanges.<\/p>\n<p>Cette tradition perdure jusqu&rsquo;aux ann\u00e9es 1880, p\u00e9riode \u00e0 laquelle l&rsquo;\u00e9cole primaire est cr\u00e9\u00e9e. Sous la pression\u00a0des classes les plus ais\u00e9es, les vacances ont lieu d&rsquo;ao\u00fbt \u00e0\u00a0octobre. Ainsi, les\u00a0\u00e9tudiants privil\u00e9gi\u00e9s peuvent s&rsquo;adonner \u00e0\u00a0la chasse \u00e0 courre. Au tournant du XXe\u00a0si\u00e8cle, les\u00a0\u00e9l\u00e8ves ont m\u00eame deux mois et demi de repos\u00a0!<\/p>\n<p>Progressivement, c&rsquo;est le secteur du tourisme qui va dicter le calendrier scolaire plut\u00f4t que\u00a0l&rsquo;agriculture. En 1936, les familles fixent\u00a0davantage leurs\u00a0vacances d\u00e8s la mi-juillet avec l&rsquo;instauration des cong\u00e9s pay\u00e9s. Les professionnels de loisirs\u00a0r\u00e9clament aussi le fractionnement des vacances pour \u00e9taler leur activit\u00e9 toute l&rsquo;ann\u00e9e. Ainsi, les \u00e9coliers retrouvent le chemin de l&rsquo;\u00e9cole d\u00e9but septembre depuis pr\u00e8s de 50 ans.<\/p>\n<p>https:\/\/www.ouest-france.fr\/education\/rentree-scolaire\/histoire-pourquoi-la-rentree-scolaire-a-t-elle-lieu-en-septembre-et-depuis-quand-ee8b45ce-36c3-11ee-a86b-79aa2cf45607<\/p>\n<p>https:\/\/www.la-croix.com\/societe\/pourquoi-la-rentree-scolaire-a-t-elle-lieu-en-septembre-20250830<\/p>\n<p>\u00a0<\/p>\n<p style=\"font-weight: bold; color: #002458;\">\u00a0<\/p>\n","protected":false},"excerpt":{"rendered":"Qui dit\u00a0septembre dit rentr\u00e9e scolaire\u00a0! Pourtant, cela n&rsquo;a pas toujours \u00e9t\u00e9 le cas. En 1231, le pape accorde&hellip;\n","protected":false},"author":2,"featured_media":372480,"comment_status":"","ping_status":"","sticky":false,"template":"","format":"standard","meta":{"footnotes":""},"categories":[1586],"tags":[11,1777,674,1779,1011,27,12,25,1778,364],"class_list":{"0":"post-372479","1":"post","2":"type-post","3":"status-publish","4":"format-standard","5":"has-post-thumbnail","7":"category-europe","8":"tag-actualites","9":"tag-eu","10":"tag-europe","11":"tag-european-union","12":"tag-fr","13":"tag-france","14":"tag-news","15":"tag-republique-francaise","16":"tag-ue","17":"tag-union-europeenne"},"share_on_mastodon":{"url":"https:\/\/pubeurope.com\/@fr\/115161889804255889","error":""},"_links":{"self":[{"href":"https:\/\/www.europesays.com\/fr\/wp-json\/wp\/v2\/posts\/372479","targetHints":{"allow":["GET"]}}],"collection":[{"href":"https:\/\/www.europesays.com\/fr\/wp-json\/wp\/v2\/posts"}],"about":[{"href":"https:\/\/www.europesays.com\/fr\/wp-json\/wp\/v2\/types\/post"}],"author":[{"embeddable":true,"href":"https:\/\/www.europesays.com\/fr\/wp-json\/wp\/v2\/users\/2"}],"replies":[{"embeddable":true,"href":"https:\/\/www.europesays.com\/fr\/wp-json\/wp\/v2\/comments?post=372479"}],"version-history":[{"count":0,"href":"https:\/\/www.europesays.com\/fr\/wp-json\/wp\/v2\/posts\/372479\/revisions"}],"wp:featuredmedia":[{"embeddable":true,"href":"https:\/\/www.europesays.com\/fr\/wp-json\/wp\/v2\/media\/372480"}],"wp:attachment":[{"href":"https:\/\/www.europesays.com\/fr\/wp-json\/wp\/v2\/media?parent=372479"}],"wp:term":[{"taxonomy":"category","embeddable":true,"href":"https:\/\/www.europesays.com\/fr\/wp-json\/wp\/v2\/categories?post=372479"},{"taxonomy":"post_tag","embeddable":true,"href":"https:\/\/www.europesays.com\/fr\/wp-json\/wp\/v2\/tags?post=372479"}],"curies":[{"name":"wp","href":"https:\/\/api.w.org\/{rel}","templated":true}]}}