{"id":37248,"date":"2025-04-19T20:01:12","date_gmt":"2025-04-19T20:01:12","guid":{"rendered":"https:\/\/www.europesays.com\/fr\/37248\/"},"modified":"2025-04-19T20:01:12","modified_gmt":"2025-04-19T20:01:12","slug":"alain-esquerre-porte-parole-des-victimes-de-betharram-croix-dalerte-liberation","status":"publish","type":"post","link":"https:\/\/www.europesays.com\/fr\/37248\/","title":{"rendered":"Alain Esquerre, porte-parole des victimes de B\u00e9tharram : croix d\u2019alerte \u2013 Lib\u00e9ration"},"content":{"rendered":"<p class=\"sc-cPiKLX AiZTS text-element\">C\u2019est un habitu\u00e9 des rues de Lestelle-B\u00e9tharram (Pyr\u00e9n\u00e9es-Atlantiques). Quand il se balade autour du sanctuaire, de l\u2019Ehpad et de l\u2019\u00e9tablissement scolaire de la commune nich\u00e9e au bord du gave de Pau, Alain Esquerre est \u00e0 la fois chez lui et en territoire ennemi. Lors de notre rencontre dans ces rues, d\u00e9but avril, quelques regards se fixent sur la silhouette \u00e9lanc\u00e9e de cet homme de 53 ans. Certains sont intrigu\u00e9s, d\u2019autres visiblement irrit\u00e9s. Le B\u00e9arnais aux cheveux blancs, regard clair cach\u00e9 derri\u00e8re des lunettes demi-cercl\u00e9es, est devenu l\u2019un des visages de <a href=\"https:\/\/www.liberation.fr\/societe\/education\/derriere-les-murs-du-college-betharram-les-combines-des-pretres-directeurs-pour-maintenir-le-silence-20250407_WI2AP4FFIJCWBEP5NO3NQUUTAQ\/\" target=\"_blank\" rel=\"noopener\">l\u2019affaire B\u00e9tharram<\/a>. Coll\u00e9gien externe de 1981 \u00e0 1986, cr\u00e9ateur du groupe Facebook des victimes de l\u2019institution catholique priv\u00e9e sous contrat, Alain Esquerre a m\u00e9diatis\u00e9 <a href=\"https:\/\/www.liberation.fr\/societe\/police-justice\/affaire-betharram-48-nouvelles-plaintes-vont-etre-deposees-pour-un-total-de-200-dossiers-20250401_V7ZYINGFXRBMRJWKCKRP2JT7FE\/\" target=\"_blank\" rel=\"noopener\">les d\u00e9p\u00f4ts de plaintes<\/a> mettant en cause l\u2019ensemble scolaire. Aujourd\u2019hui, <a href=\"https:\/\/www.liberation.fr\/societe\/police-justice\/plus-de-trente-temoignages-deposes-contre-notre-dame-de-garaison-on-a-ouvert-la-boite-de-pandore-20250326_V2NO4ABOZBETJATHTVNIEH5PNQ\/\" target=\"_blank\" rel=\"noopener\">pr\u00e8s de 200 t\u00e9moignages<\/a> font \u00e9tat d\u2019agressions physiques,<\/p>\n","protected":false},"excerpt":{"rendered":"C\u2019est un habitu\u00e9 des rues de Lestelle-B\u00e9tharram (Pyr\u00e9n\u00e9es-Atlantiques). Quand il se balade autour du sanctuaire, de l\u2019Ehpad et&hellip;\n","protected":false},"author":2,"featured_media":37249,"comment_status":"","ping_status":"","sticky":false,"template":"","format":"standard","meta":{"footnotes":""},"categories":[4],"tags":[11,11870,1011,27,12,25,799],"class_list":{"0":"post-37248","1":"post","2":"type-post","3":"status-publish","4":"format-standard","5":"has-post-thumbnail","7":"category-france","8":"tag-actualites","9":"tag-betharram","10":"tag-fr","11":"tag-france","12":"tag-news","13":"tag-republique-francaise","14":"tag-violences-sexuelles"},"share_on_mastodon":{"url":"https:\/\/pubeurope.com\/@fr\/114366413784823864","error":""},"_links":{"self":[{"href":"https:\/\/www.europesays.com\/fr\/wp-json\/wp\/v2\/posts\/37248","targetHints":{"allow":["GET"]}}],"collection":[{"href":"https:\/\/www.europesays.com\/fr\/wp-json\/wp\/v2\/posts"}],"about":[{"href":"https:\/\/www.europesays.com\/fr\/wp-json\/wp\/v2\/types\/post"}],"author":[{"embeddable":true,"href":"https:\/\/www.europesays.com\/fr\/wp-json\/wp\/v2\/users\/2"}],"replies":[{"embeddable":true,"href":"https:\/\/www.europesays.com\/fr\/wp-json\/wp\/v2\/comments?post=37248"}],"version-history":[{"count":0,"href":"https:\/\/www.europesays.com\/fr\/wp-json\/wp\/v2\/posts\/37248\/revisions"}],"wp:featuredmedia":[{"embeddable":true,"href":"https:\/\/www.europesays.com\/fr\/wp-json\/wp\/v2\/media\/37249"}],"wp:attachment":[{"href":"https:\/\/www.europesays.com\/fr\/wp-json\/wp\/v2\/media?parent=37248"}],"wp:term":[{"taxonomy":"category","embeddable":true,"href":"https:\/\/www.europesays.com\/fr\/wp-json\/wp\/v2\/categories?post=37248"},{"taxonomy":"post_tag","embeddable":true,"href":"https:\/\/www.europesays.com\/fr\/wp-json\/wp\/v2\/tags?post=37248"}],"curies":[{"name":"wp","href":"https:\/\/api.w.org\/{rel}","templated":true}]}}