{"id":372485,"date":"2025-09-07T07:43:14","date_gmt":"2025-09-07T07:43:14","guid":{"rendered":"https:\/\/www.europesays.com\/fr\/372485\/"},"modified":"2025-09-07T07:43:14","modified_gmt":"2025-09-07T07:43:14","slug":"top-14-je-lai-vu-se-prendre-la-tete-avec-les-pros-de-facon-severe-qui-est-juan-montilla-le-jeune-ouvreur-de-clermont-remplacant-contre-toulouse","status":"publish","type":"post","link":"https:\/\/www.europesays.com\/fr\/372485\/","title":{"rendered":"Top 14 \u2013 \u00ab\u00a0Je l\u2019ai vu se prendre la t\u00eate avec les pros de fa\u00e7on s\u00e9v\u00e8re\u00a0!\u00a0\u00bb\u00a0: qui est Juan Montilla, le jeune ouvreur de Clermont rempla\u00e7ant contre Toulouse\u00a0?"},"content":{"rendered":"<p>\n                Juan Montilla s\u2019appr\u00eate \u00e0 conna\u00eetre sa premi\u00e8re feuille de match en Top 14, avec Clermont. Face au Stade toulousain, le jeune ouvreur argentin esp\u00e8re conna\u00eetre ses d\u00e9buts professionnels, lui qui fait d\u00e9j\u00e0 preuve de beaucoup de temp\u00e9rament.\n            <\/p>\n<p>C\u2019est une premi\u00e8re surprise de taille pour la Yellow Army. Alors que leurs Jaunards s\u2019appr\u00eatent \u00e0 lancer leur saison face \u00e0 Toulouse (21h05), les supporters clermontois ont sans doute clign\u00e9 des yeux en voyant le num\u00e9ro\u00a021 de leur \u00e9quipe\u00a0: Juan Montilla, 18 ans, ouvreur argentin. Champion de France Crabos avec l\u2019ASM la saison pass\u00e9e, le bambin aux cheveux peroxyd\u00e9s a gagn\u00e9 sa place dans le premier groupe clermontois \u00e0 la faveur des blessures, mais aussi et surtout gr\u00e2ce \u00e0 sa pr\u00e9paration r\u00e9ussie. <a href=\"https:\/\/www.rugbyrama.fr\/2025\/08\/29\/matchs-amicaux-top-14-clermont-prend-sa-revanche-face-a-toulon-au-terme-dun-match-spectaculaire-12900586.php\" target=\"_self\" rel=\"nofollow noopener\"><strong>Auteur d\u2019une entr\u00e9e d\u00e9cisive en match amical contre Toulon<\/strong><\/a>, le Sud-Am\u00e9ricain n\u2019a pas vol\u00e9 sa place pour \u00e9voluer sur la plus grande sc\u00e8ne nationale.<\/p>\n<p>\u00ab\u00a0J\u2019aime les Argentins. Surtout les num\u00e9ros\u00a010 argentins, j\u2019adorais Diego Maradona\u00a0!\u00a0\u00bb sourit Christophe Urios avant de parler de son joueur. \u00ab\u00a0Sa place sur la feuille valide tout le travail qu\u2019il m\u00e8ne depuis le d\u00e9but de l\u2019\u00e9t\u00e9. Il a fait des entra\u00eenements int\u00e9ressants, o\u00f9 il a \u00e9t\u00e9 tr\u00e8s bon.\u00a0Franchement, on ne se voyait pas ne pas lui donner cette chance. Cela m\u2019aurait g\u00ean\u00e9. C\u2019est un jeune mec qui va d\u00e9couvrir plein de choses. Moi, je veux qu\u2019il s\u2019appuie sur les choses simples. Je veux qu\u2019il fasse son job le mieux possible. Apr\u00e8s, il rentrera, il ne rentrera pas, on verra. En tous les cas, je ne le sens pas sous pression. C\u2019est un gamin qui a du temp\u00e9rament\u00a0! Je l\u2019ai vu se prendre la t\u00eate pendant la pr\u00e9paration avec des pros de fa\u00e7on s\u00e9v\u00e8re\u00a0!\u00a0\u00bb.<\/p>\n<p>        <img decoding=\"async\" class=\"std-img__img responsive-img\" src=\"https:\/\/www.europesays.com\/fr\/wp-content\/uploads\/2025\/09\/1757230993_854_image.jpg\" alt=\"Top 14 \u2013 Juan Montilla a &quot;gagn\u00e9 sa place face \u00e0 Toulon&quot; selon Yoann Jendrzejczak.\"\/><\/p>\n<p>                Top 14 \u2013 Juan Montilla a \u00ab\u00a0gagn\u00e9 sa place face \u00e0 Toulon\u00a0\u00bb selon Yoann Jendrzejczak.<br \/>\n                                    Icon Sport<\/p>\n<blockquote><p>\nJ\u2019ai un confr\u00e8re qui travaille en Espagne qui m\u2019a appel\u00e9 pour me dire que ce gamin avait quelque chose\n<\/p><\/blockquote>\n<p>Face \u00e0 la blessure d\u2019Irae Simone et le choix de ne pas lancer Tom Raffy trop t\u00f4t (l\u2019ex-briviste a pass\u00e9 la majeure partie de la pr\u00e9paration bless\u00e9), Christophe Urios a donc pioch\u00e9 dans la garderie clermontoise. Avant de postuler pour d\u00e9fier le champion de France toulousain, Juan Montilla a parcouru beaucoup de chemin, comme l\u2019atteste\u00a0Yoann Jendrzejczak, directeur du centre de formation de l\u2019ASM. \u00ab\u00a0J\u2019ai un confr\u00e8re qui travaille en Espagne qui m\u2019a appel\u00e9 pour me dire que ce gamin avait quelque chose. Il est venu s\u2019entra\u00eener avec nous une premi\u00e8re fois il y a deux ans et demi et puis on l\u2019a vite int\u00e9gr\u00e9 en Crabos. La premi\u00e8re ann\u00e9e, il a jou\u00e9 arri\u00e8re avant d\u2019\u00eatre replac\u00e9 au centre. Mais avec le staff, on s\u2019est dit que pour lui faire franchir un cap, il fallait le placer \u00e0 l\u2019ouverture. On a donc interverti plusieurs joueurs de notre ligne arri\u00e8re, dont Juan, et c\u2019est comme \u00e7a qu\u2019on a \u00e9t\u00e9 champions de France (rires)\u00a0\u00bb.<\/p>\n<p>Montilla poss\u00e8de deux grandes qualit\u00e9s selon les deux techniciens\u00a0: une aisance technique au-dessus de la moyenne et une hargne typiquement argentine. \u00ab\u00a0Il hait la d\u00e9faite \u00e0 un point inimaginable, mais par contre, il a une \u00e9norme capacit\u00e9 de remise en cause. M\u00eame si sa rentr\u00e9e contre Toulon a \u00e9t\u00e9 bonne, il a eu ce besoin d\u2019analyser les points \u00e0 am\u00e9liorer de sa performance\u00a0\u00bb note le directeur du centre de formation.\u00a0\u00ab\u00a0Il ne se pose pas de questions\u00a0\u00bb poursuit Urios. \u00ab\u00a0C\u2019est un joueur qui sent le rugby, comme tous les Argentins, d\u2019autant qu\u2019il en a eu un devant lui pendant deux ans. J\u2019esp\u00e8re qu\u2019il s\u2019en est inspir\u00e9. D\u2019ailleurs, il m\u2019a envoy\u00e9 un message\u00a0! Il \u00e9tait content que Juan soit dans le groupe\u00a0\u00bb sourit le manager en se rappelant de Benjamin Urdapilleta.<\/p>\n<p>        <img decoding=\"async\" class=\"std-img__img responsive-img\" src=\"https:\/\/www.europesays.com\/fr\/wp-content\/uploads\/2025\/09\/1757230994_438_image.jpg\" alt=\"Top 14 \u2013 Baptiste Jauneau avait \u00e9t\u00e9 \u00e9paul\u00e9 par Arthur Iturria lors de ses premi\u00e8res rencontres avec l\u2019ASM.\"\/><\/p>\n<p>                Top 14 \u2013 Baptiste Jauneau avait \u00e9t\u00e9 \u00e9paul\u00e9 par Arthur Iturria lors de ses premi\u00e8res rencontres avec l\u2019ASM.<br \/>\n                                    Icon Sport &#8211; Laurent Frezouls<\/p>\n<blockquote><p>\nJ\u2019essaie de lui transmettre ce que m\u2019ont transmis Morgan (Parra), Camille (Lopez) et Arthur (Iturria)\n<\/p><\/blockquote>\n<p>Sur le terrain, le capitaine se r\u00e9jouit \u00e9galement de la pr\u00e9sence de Montilla dans le groupe. Baptiste Jauneau accompagne d\u2019ailleurs le jeune argentin depuis plusieurs semaines, \u00e0 l\u2019instar de l\u2019apprentissage qu\u2019il avait re\u00e7u des \u00ab\u00a0anciens\u00a0\u00bb. \u00ab\u00a0J\u2019essaie de lui transmettre ce que m\u2019ont transmis Morgan (Parra), Camille (Lopez) et Arthur (Iturria). Pour mon premier match, ils m\u2019avaient dit de\u00a0faire les choses \u00e0 100\u00a0%, ne pas se poser de questions ni trahir mon style de jeu. Je lui ai dit \u00e7a, tout simplement. C\u2019est ce qu\u2019on m\u2019a dit de faire et je trouve que c\u2019est plut\u00f4t vrai, il ne faut pas se prendre la t\u00eate\u00a0\u00bb.<\/p>\n","protected":false},"excerpt":{"rendered":"Juan Montilla s\u2019appr\u00eate \u00e0 conna\u00eetre sa premi\u00e8re feuille de match en Top 14, avec Clermont. Face au Stade&hellip;\n","protected":false},"author":2,"featured_media":372486,"comment_status":"","ping_status":"","sticky":false,"template":"","format":"standard","meta":{"footnotes":""},"categories":[2],"tags":[11,1011,27,12,25],"class_list":{"0":"post-372485","1":"post","2":"type-post","3":"status-publish","4":"format-standard","5":"has-post-thumbnail","7":"category-actualites","8":"tag-actualites","9":"tag-fr","10":"tag-france","11":"tag-news","12":"tag-republique-francaise"},"share_on_mastodon":{"url":"https:\/\/pubeurope.com\/@fr\/115161897966706804","error":""},"_links":{"self":[{"href":"https:\/\/www.europesays.com\/fr\/wp-json\/wp\/v2\/posts\/372485","targetHints":{"allow":["GET"]}}],"collection":[{"href":"https:\/\/www.europesays.com\/fr\/wp-json\/wp\/v2\/posts"}],"about":[{"href":"https:\/\/www.europesays.com\/fr\/wp-json\/wp\/v2\/types\/post"}],"author":[{"embeddable":true,"href":"https:\/\/www.europesays.com\/fr\/wp-json\/wp\/v2\/users\/2"}],"replies":[{"embeddable":true,"href":"https:\/\/www.europesays.com\/fr\/wp-json\/wp\/v2\/comments?post=372485"}],"version-history":[{"count":0,"href":"https:\/\/www.europesays.com\/fr\/wp-json\/wp\/v2\/posts\/372485\/revisions"}],"wp:featuredmedia":[{"embeddable":true,"href":"https:\/\/www.europesays.com\/fr\/wp-json\/wp\/v2\/media\/372486"}],"wp:attachment":[{"href":"https:\/\/www.europesays.com\/fr\/wp-json\/wp\/v2\/media?parent=372485"}],"wp:term":[{"taxonomy":"category","embeddable":true,"href":"https:\/\/www.europesays.com\/fr\/wp-json\/wp\/v2\/categories?post=372485"},{"taxonomy":"post_tag","embeddable":true,"href":"https:\/\/www.europesays.com\/fr\/wp-json\/wp\/v2\/tags?post=372485"}],"curies":[{"name":"wp","href":"https:\/\/api.w.org\/{rel}","templated":true}]}}