{"id":372487,"date":"2025-09-07T07:44:30","date_gmt":"2025-09-07T07:44:30","guid":{"rendered":"https:\/\/www.europesays.com\/fr\/372487\/"},"modified":"2025-09-07T07:44:30","modified_gmt":"2025-09-07T07:44:30","slug":"france-afrique-du-sud-a-quelle-heure-et-sur-quelle-chaine-suivre-le-match-des-bleues-a-la-coupe-du-monde-feminine","status":"publish","type":"post","link":"https:\/\/www.europesays.com\/fr\/372487\/","title":{"rendered":"France-Afrique du Sud\u00a0: \u00e0 quelle heure et sur quelle cha\u00eene suivre le match des Bleues \u00e0 la Coupe du monde f\u00e9minine"},"content":{"rendered":"<p>\n                                                                    l&rsquo;essentiel<br \/>\n                                                                Les Tricolores d\u00e9fient les Sud-Africaines, ce dimanche 7\u00a0septembre, dans le dernier du dernier match de la phase de poules du Mondial en Angleterre.\n                            <\/p>\n<p>Invaincues et d\u00e9j\u00e0 qualifi\u00e9es pour les quarts de finale, les Bleues poursuivent leur route au Mondial f\u00e9minin de rugby 2025, en Angleterre. Ce dimanche 7\u00a0septembre, \u00e0 17h45, le XV de France affronte l\u2019Afrique du Sud au Franklin\u2019s Gardens de Northampton pour conclure la phase de groupes. Mais ce match n\u2019a rien d\u2019anecdotique\u00a0: il s\u2019agit d\u2019un v\u00e9ritable duel pour la premi\u00e8re place du groupe D.<\/p>\n<p class=\"std-elt__inline\">\n        <strong>\u00c0 lire aussi :<\/strong><br \/>\n        <a href=\"https:\/\/www.ladepeche.fr\/2025\/09\/07\/infographies-coupe-du-monde-feminine-de-rugby-dans-le-gers-la-pratique-sinstalle-peu-a-peu-dans-le-paysage-12911062.php\" rel=\"nofollow noopener\" target=\"_blank\">INFOGRAPHIES. Coupe du monde f\u00e9minine de rugby\u00a0: dans le Gers, la pratique s\u2019installe peu \u00e0 peu dans le paysage<\/a>\n    <\/p>\n<p>Avec deux victoires \u00e9clatantes contre l\u2019Italie (24-0) et le Br\u00e9sil (84-5), les joueuses de Ga\u00eblle Mignot et David Ortiz visent un troisi\u00e8me succ\u00e8s cons\u00e9cutif. En cas de victoire, elles prendraient la t\u00eate de leur poule et \u00e9viteraient ainsi un quart de finale face aux redoutables N\u00e9o-Z\u00e9landaises, doubles championnes du monde en titre. \u00c0 la cl\u00e9, un affrontement plus abordable contre l\u2019Irlande. Mais l\u2019Afrique du Sud, elle aussi invaincue et leader gr\u00e2ce \u00e0 ses bonus offensifs, r\u00eave de conserver son avance.<\/p>\n<p class=\"std-elt__inline\">\n        <strong>\u00c0 lire aussi :<\/strong><br \/>\n        <a href=\"https:\/\/www.ladepeche.fr\/2025\/09\/03\/coupe-du-monde-feminine-de-rugby-dans-un-sport-traditionnel-et-masculin-une-joueuse-obligee-de-se-defendre-apres-des-critiques-sur-son-apparence-12908586.php\" rel=\"nofollow noopener\" target=\"_blank\">Coupe du monde f\u00e9minine de rugby\u00a0: \u00ab\u00a0Dans un sport traditionnel et masculin\u2026\u00a0\u00bb Une joueuse oblig\u00e9e de se d\u00e9fendre apr\u00e8s des critiques sur son apparence<\/a>\n    <\/p>\n<p><strong>France-Afrique du Sud, coup d\u2019envoi \u00e0 17h45. La rencontre est \u00e0 suivre en direct sur France 2, et en live comment\u00e9 sur <a href=\"https:\/\/www.ladepeche.fr\/sport\/\" target=\"_blank\" rel=\"nofollow noopener\">ladepeche.fr<\/a>.<\/strong><\/p>\n","protected":false},"excerpt":{"rendered":"l&rsquo;essentiel Les Tricolores d\u00e9fient les Sud-Africaines, ce dimanche 7\u00a0septembre, dans le dernier du dernier match de la phase&hellip;\n","protected":false},"author":2,"featured_media":372488,"comment_status":"","ping_status":"","sticky":false,"template":"","format":"standard","meta":{"footnotes":""},"categories":[4],"tags":[11,1011,27,12,25],"class_list":{"0":"post-372487","1":"post","2":"type-post","3":"status-publish","4":"format-standard","5":"has-post-thumbnail","7":"category-france","8":"tag-actualites","9":"tag-fr","10":"tag-france","11":"tag-news","12":"tag-republique-francaise"},"share_on_mastodon":{"url":"https:\/\/pubeurope.com\/@fr\/115161901675433046","error":""},"_links":{"self":[{"href":"https:\/\/www.europesays.com\/fr\/wp-json\/wp\/v2\/posts\/372487","targetHints":{"allow":["GET"]}}],"collection":[{"href":"https:\/\/www.europesays.com\/fr\/wp-json\/wp\/v2\/posts"}],"about":[{"href":"https:\/\/www.europesays.com\/fr\/wp-json\/wp\/v2\/types\/post"}],"author":[{"embeddable":true,"href":"https:\/\/www.europesays.com\/fr\/wp-json\/wp\/v2\/users\/2"}],"replies":[{"embeddable":true,"href":"https:\/\/www.europesays.com\/fr\/wp-json\/wp\/v2\/comments?post=372487"}],"version-history":[{"count":0,"href":"https:\/\/www.europesays.com\/fr\/wp-json\/wp\/v2\/posts\/372487\/revisions"}],"wp:featuredmedia":[{"embeddable":true,"href":"https:\/\/www.europesays.com\/fr\/wp-json\/wp\/v2\/media\/372488"}],"wp:attachment":[{"href":"https:\/\/www.europesays.com\/fr\/wp-json\/wp\/v2\/media?parent=372487"}],"wp:term":[{"taxonomy":"category","embeddable":true,"href":"https:\/\/www.europesays.com\/fr\/wp-json\/wp\/v2\/categories?post=372487"},{"taxonomy":"post_tag","embeddable":true,"href":"https:\/\/www.europesays.com\/fr\/wp-json\/wp\/v2\/tags?post=372487"}],"curies":[{"name":"wp","href":"https:\/\/api.w.org\/{rel}","templated":true}]}}