{"id":372491,"date":"2025-09-07T07:47:10","date_gmt":"2025-09-07T07:47:10","guid":{"rendered":"https:\/\/www.europesays.com\/fr\/372491\/"},"modified":"2025-09-07T07:47:10","modified_gmt":"2025-09-07T07:47:10","slug":"le-canada-qualifie-pour-la-coupe-du-monde-2027","status":"publish","type":"post","link":"https:\/\/www.europesays.com\/fr\/372491\/","title":{"rendered":"Le Canada qualifi\u00e9 pour la Coupe du monde 2027"},"content":{"rendered":"\n<p class=\"Paragraph__content\" data-v-e14a34bc=\"\">Le Canada devient la 21e \u00e9quipe qualifi\u00e9e pour la Coupe du monde de rugby 2027. Avec une victoire convaincante contre les \u00c9tats-Unis (34-20) puis une d\u00e9faite face au Japon (57-15), il termine deuxi\u00e8me du groupe\u00a0B de la Pacific Nations Cup (PNC) apr\u00e8s que le Japon a battu les \u00c9tats-Unis (47-21) ce samedi.<\/p>\n<p class=\"Paragraph__content\" data-v-e14a34bc=\"\">Le Canada se qualifie pour les demi-finales de la comp\u00e9tition qui regroupe dans l&rsquo;autre poule trois \u00eeles du Pacifique (Fidji, Tonga, Samoa) et valide de ce fait son ticket pour le Mondial en Australie. Il prendra part \u00e0 sa dixi\u00e8me Coupe du monde masculine. Le Canada a seulement manqu\u00e9 la pr\u00e9c\u00e9dente \u00e9dition, en France en 2023. Il tentera en Australie de r\u00e9\u00e9diter sa performance de 1991 (quart-de-finaliste) en atteignant \u00e0 nouveau la phase \u00e0 \u00e9limination directe.<\/p>\n<p class=\"Paragraph__content\" data-v-e14a34bc=\"\">La Coupe du monde 2027 r\u00e9unira 24 \u00e9quipes et non plus 20 comme depuis le Mondial 1999, r\u00e9parties en six poules de quatre. 21 \u00e9quipes sont pour l&rsquo;instant qualifi\u00e9es\u00a0: la France, la Nouvelle-Z\u00e9lande, l&rsquo;Italie, l&rsquo;Irlande, l&rsquo;Afrique du Sud, l&rsquo;\u00c9cosse, le pays de Galles, les Fidji, l&rsquo;Australie, l&rsquo;Angleterre, l&rsquo;Argentine, le Japon, la G\u00e9orgie, l&rsquo;Espagne, le Portugal, la Roumanie, Hong Kong, le Zimbabwe, les Tonga, l&rsquo;Uruguay et le Canada.<\/p>\n","protected":false},"excerpt":{"rendered":"Le Canada devient la 21e \u00e9quipe qualifi\u00e9e pour la Coupe du monde de rugby 2027. Avec une victoire&hellip;\n","protected":false},"author":2,"featured_media":372492,"comment_status":"","ping_status":"","sticky":false,"template":"","format":"standard","meta":{"footnotes":""},"categories":[1416],"tags":[1011,27,479,1468,60],"class_list":{"0":"post-372491","1":"post","2":"type-post","3":"status-publish","4":"format-standard","5":"has-post-thumbnail","7":"category-rugby","8":"tag-fr","9":"tag-france","10":"tag-rugby","11":"tag-rugby-football","12":"tag-sports"},"share_on_mastodon":{"url":"https:\/\/pubeurope.com\/@fr\/115161913336092671","error":""},"_links":{"self":[{"href":"https:\/\/www.europesays.com\/fr\/wp-json\/wp\/v2\/posts\/372491","targetHints":{"allow":["GET"]}}],"collection":[{"href":"https:\/\/www.europesays.com\/fr\/wp-json\/wp\/v2\/posts"}],"about":[{"href":"https:\/\/www.europesays.com\/fr\/wp-json\/wp\/v2\/types\/post"}],"author":[{"embeddable":true,"href":"https:\/\/www.europesays.com\/fr\/wp-json\/wp\/v2\/users\/2"}],"replies":[{"embeddable":true,"href":"https:\/\/www.europesays.com\/fr\/wp-json\/wp\/v2\/comments?post=372491"}],"version-history":[{"count":0,"href":"https:\/\/www.europesays.com\/fr\/wp-json\/wp\/v2\/posts\/372491\/revisions"}],"wp:featuredmedia":[{"embeddable":true,"href":"https:\/\/www.europesays.com\/fr\/wp-json\/wp\/v2\/media\/372492"}],"wp:attachment":[{"href":"https:\/\/www.europesays.com\/fr\/wp-json\/wp\/v2\/media?parent=372491"}],"wp:term":[{"taxonomy":"category","embeddable":true,"href":"https:\/\/www.europesays.com\/fr\/wp-json\/wp\/v2\/categories?post=372491"},{"taxonomy":"post_tag","embeddable":true,"href":"https:\/\/www.europesays.com\/fr\/wp-json\/wp\/v2\/tags?post=372491"}],"curies":[{"name":"wp","href":"https:\/\/api.w.org\/{rel}","templated":true}]}}