{"id":372495,"date":"2025-09-07T07:50:09","date_gmt":"2025-09-07T07:50:09","guid":{"rendered":"https:\/\/www.europesays.com\/fr\/372495\/"},"modified":"2025-09-07T07:50:09","modified_gmt":"2025-09-07T07:50:09","slug":"motogp-incroyable-depeche-de-yamaha-quartararo-enfin-recompense-avec-le-v4-en-catalogne","status":"publish","type":"post","link":"https:\/\/www.europesays.com\/fr\/372495\/","title":{"rendered":"MotoGP Incroyable d\u00e9p\u00eache de Yamaha, Quartararo enfin r\u00e9compens\u00e9, avec le V4 en Catalogne !"},"content":{"rendered":"<p>C\u2019est une excellente nouvelle pour Yamaha mais aussi, pour Fabio Quartararo en MotoGP, le tricolore ayant toujours fond\u00e9 de gros espoirs sur l\u2019arriv\u00e9e du nouveau V4. L\u2019int\u00e9ress\u00e9 avait m\u00eame milit\u00e9, aupr\u00e8s de ses employeurs par le pass\u00e9, pour que cela se produise un jour. En d\u00e9pit d\u2019une philosophie un peu contre-nature, pour la marque japonaise.<\/p>\n<p>MotoGP : Yamaha, un roulage \u00e0 double-tranchant<\/p>\n<p>Ainsi, Yamaha confirme que FB20 pourra tester ce nouveau moteur, d\u00e9j\u00e0 essay\u00e9 par Augusto Fernandez il y a quelques semaines, sur le circuit de Montm\u00e9lo, en Catalogne. En effet, une fois le Grand-Prix termin\u00e9, l\u2019\u00e9quipe restera sur place pour rouler, lundi. Occasion r\u00eav\u00e9e de mettre en piste cette Yamaha modifi\u00e9e accueillant le fameux pr\u00e9cieux, avec le Fran\u00e7ais. Mais il s\u2019agit, aussi, d\u2019un \u00e9v\u00e9nement \u00e0 double-tranchant pour le tricolore qui, en cas de d\u00e9ception, pourrait mettre ses r\u00e9centes menaces \u00e0 ex\u00e9cution. A savoir, quitter <a href=\"https:\/\/lemagsportauto.ouest-france.fr\/tag\/yamaha\/\" target=\"_blank\" rel=\"noopener\">Yamaha<\/a>\u2026<\/p>\n<p>Pour m\u00e9moire, Fabio Quartararo vient tout juste de retrouve le podium, en Catalogne, en signant une belle deuxi\u00e8me place, \u00e0 l\u2019issue du sprint de samedi dernier. En outre, il s\u2019\u00e9lancera depuis la deuxi\u00e8me place de la course principale, cet apr\u00e8s-midi. De quoi r\u00eaver d\u2019un autre podium, qui serait le premier acquis le dimanche, en 2025.<\/p>\n<blockquote class=\"twitter-tweet\">\n<p dir=\"ltr\" lang=\"en\">\ud83d\udcf0 Quartararo Sprints to Sensational Second Place on Monster Energy Catalan GP Saturday<\/p>\n<p>\ud83d\udd17 <a href=\"https:\/\/t.co\/rjfVeBgGKA\">https:\/\/t.co\/rjfVeBgGKA<\/a><a href=\"https:\/\/twitter.com\/hashtag\/MonsterYamaha?src=hash&amp;ref_src=twsrc%5Etfw\" target=\"_blank\" rel=\"noopener\">#MonsterYamaha<\/a> | <a href=\"https:\/\/twitter.com\/hashtag\/YamahaMotoGP?src=hash&amp;ref_src=twsrc%5Etfw\" target=\"_blank\" rel=\"noopener\">#YamahaMotoGP<\/a> | <a href=\"https:\/\/twitter.com\/hashtag\/YamahaFactoryRacing?src=hash&amp;ref_src=twsrc%5Etfw\" target=\"_blank\" rel=\"noopener\">#YamahaFactoryRacing<\/a> | <a href=\"https:\/\/twitter.com\/hashtag\/MotoGP?src=hash&amp;ref_src=twsrc%5Etfw\" target=\"_blank\" rel=\"noopener\">#MotoGP<\/a> | <a href=\"https:\/\/twitter.com\/hashtag\/CatalanGP?src=hash&amp;ref_src=twsrc%5Etfw\" target=\"_blank\" rel=\"noopener\">#CatalanGP<\/a> <a href=\"https:\/\/t.co\/KN3a1XIdJM\">pic.twitter.com\/KN3a1XIdJM<\/a><\/p>\n<p>\u2014 Monster Energy Yamaha MotoGP (@YamahaMotoGP) <a href=\"https:\/\/twitter.com\/YamahaMotoGP\/status\/1964374105878065329?ref_src=twsrc%5Etfw\" target=\"_blank\" rel=\"noopener\">September 6, 2025<\/a><\/p>\n<\/blockquote>\n<p>\u00ab Les qualifications de ce matin ont marqu\u00e9 un tournant positif pour Fabio\u201c, confirmait Massimo Meregalli, dans la communication officielle de Yamaha, samedi soir. \u201cApr\u00e8s une premi\u00e8re journ\u00e9e difficile \u00e0 Barcelone, s\u2019assurer un d\u00e9part en premi\u00e8re ligne a \u00e9t\u00e9 un v\u00e9ritable coup de pouce pour le moral de l\u2019\u00e9quipe lors de ce week-end crucial pour notre \u00e9quipe et notre sponsor titre. En Sprint, Fabio a fait preuve de la plus grande efficacit\u00e9 : il s\u2019est battu dans le groupe de t\u00eate, a maximis\u00e9 le potentiel de notre package et a maintenu un rythme soutenu tout au long de la course. Ce fut une performance remarquable. \u00c1lex a d\u00fb s\u2019\u00e9lancer de la 20e place suite \u00e0 sa chute en EL2 juste avant les qualifications. Bien qu\u2019il ne soit pas encore au niveau qu\u2019il vise, il a r\u00e9ussi quelques d\u00e9passements. Nous allons analyser attentivement les donn\u00e9es d\u2019aujourd\u2019hui afin d\u2019identifier les am\u00e9liorations \u00e0 apporter, notamment en ce qui concerne la gestion des pneus.\u201d, concluait l\u2019Italien, qui ne s\u2019attendait pas \u00e0 une telle performance, malgr\u00e9 la mont\u00e9e des temp\u00e9ratures, l\u2019apr\u00e8s-midi. \u00bb<\/p>\n<p>\u00ab Cette deuxi\u00e8me place, mon meilleur r\u00e9sultat en Sprint, signifie beaucoup\u201c, ajoutait Fabio, tout sourire aux l\u00e8vres, apr\u00e8s sa performance solide. Pouvoir se battre avec les deux fr\u00e8res Marquez et Acosta, c\u2019\u00e9tait une superbe bagarre ! Nous sommes de retour au Parc Ferm\u00e9 apr\u00e8s des courses difficiles. Pouvoir se battre avec ces pilotes et constater que nous ne sommes pas si loin d\u2019eux, c\u2019\u00e9tait vraiment g\u00e9nial ! Je tiens \u00e0 remercier tous les fans. Je suis super content ! \u00bb, commentait le Fran\u00e7ais.<\/p>\n<p>Moins de r\u00e9ussite, en revanche, pour Alex Rins, toujours en retrait face \u00e0 son rapide co\u00e9quipier : \u00ab La course Sprint a \u00e9t\u00e9 difficile, je suis parti tr\u00e8s loin en queue de peloton. Le point cl\u00e9 a \u00e9t\u00e9 ce matin. J\u2019ai chut\u00e9 dans le virage 5 en EL2, puis je suis directement pass\u00e9 en qualifications. Je n\u2019\u00e9tais pas \u00e0 100 %, j\u2019ai donc perdu du temps par endroits. Je suis parti de la 20e place et j\u2019ai donn\u00e9 le maximum, m\u00eame si partir de la 20e place est toujours un peu difficile \u00e0 g\u00e9rer. J\u2019essayais de suivre les trajectoires de Pecco et Aleix. Je pouvais les d\u00e9passer dans les virages, mais je perdais des positions dans la ligne droite. J\u2019ai doubl\u00e9 Aleix dans les virages 13-14. Il m\u2019a ensuite doubl\u00e9 avec Maverick dans la ligne droite, mais ils sont ensuite sortis larges et je les ai doubl\u00e9s dans le virage 2. Au moins, j\u2019ai pu profiter un peu des batailles aujourd\u2019hui. La course de demain sera difficile, et nous devrons nous concentrer sur la gestion des pneus. \u00bb<\/p>\n<p>Article publi\u00e9 le 07\/09\/2025 \u00e0 6h39<\/p>\n<p>                                                            <script async src=\"https:\/\/platform.twitter.com\/widgets.js\" charset=\"utf-8\"><\/script><\/p>\n","protected":false},"excerpt":{"rendered":"C\u2019est une excellente nouvelle pour Yamaha mais aussi, pour Fabio Quartararo en MotoGP, le tricolore ayant toujours fond\u00e9&hellip;\n","protected":false},"author":2,"featured_media":372496,"comment_status":"","ping_status":"","sticky":false,"template":"","format":"standard","meta":{"footnotes":""},"categories":[1413],"tags":[1680,1011,27,1457,1456,1458,60],"class_list":{"0":"post-372495","1":"post","2":"type-post","3":"status-publish","4":"format-standard","5":"has-post-thumbnail","7":"category-moto","8":"tag-fabio-quartararo","9":"tag-fr","10":"tag-france","11":"tag-moto","12":"tag-motocycle","13":"tag-motogp","14":"tag-sports"},"share_on_mastodon":{"url":"https:\/\/pubeurope.com\/@fr\/115161925193823953","error":""},"_links":{"self":[{"href":"https:\/\/www.europesays.com\/fr\/wp-json\/wp\/v2\/posts\/372495","targetHints":{"allow":["GET"]}}],"collection":[{"href":"https:\/\/www.europesays.com\/fr\/wp-json\/wp\/v2\/posts"}],"about":[{"href":"https:\/\/www.europesays.com\/fr\/wp-json\/wp\/v2\/types\/post"}],"author":[{"embeddable":true,"href":"https:\/\/www.europesays.com\/fr\/wp-json\/wp\/v2\/users\/2"}],"replies":[{"embeddable":true,"href":"https:\/\/www.europesays.com\/fr\/wp-json\/wp\/v2\/comments?post=372495"}],"version-history":[{"count":0,"href":"https:\/\/www.europesays.com\/fr\/wp-json\/wp\/v2\/posts\/372495\/revisions"}],"wp:featuredmedia":[{"embeddable":true,"href":"https:\/\/www.europesays.com\/fr\/wp-json\/wp\/v2\/media\/372496"}],"wp:attachment":[{"href":"https:\/\/www.europesays.com\/fr\/wp-json\/wp\/v2\/media?parent=372495"}],"wp:term":[{"taxonomy":"category","embeddable":true,"href":"https:\/\/www.europesays.com\/fr\/wp-json\/wp\/v2\/categories?post=372495"},{"taxonomy":"post_tag","embeddable":true,"href":"https:\/\/www.europesays.com\/fr\/wp-json\/wp\/v2\/tags?post=372495"}],"curies":[{"name":"wp","href":"https:\/\/api.w.org\/{rel}","templated":true}]}}