{"id":372503,"date":"2025-09-07T07:54:11","date_gmt":"2025-09-07T07:54:11","guid":{"rendered":"https:\/\/www.europesays.com\/fr\/372503\/"},"modified":"2025-09-07T07:54:11","modified_gmt":"2025-09-07T07:54:11","slug":"daniel-craig-sur-le-tapis-rouge-de-toronto-pour-a-couteaux-tires-actualites","status":"publish","type":"post","link":"https:\/\/www.europesays.com\/fr\/372503\/","title":{"rendered":"Daniel Craig sur le tapis rouge de Toronto pour \u00ab\u00a0\u00c0 couteaux tir\u00e9s\u00a0\u00bb : Actualit\u00e9s"},"content":{"rendered":"<p class=\"lead \">C&rsquo;\u00e9tait l&rsquo;un des moments les plus attendus du Festival international du film de Toronto: Daniel Craig a foul\u00e9 samedi le tapis rouge pour pr\u00e9senter le troisi\u00e8me volet d'\u00a0\u00bb\u00c0 Couteaux Tir\u00e9s\u00a0\u00bb.<\/p>\n<p class=\"lead \">Ce nouvel opus intitul\u00e9 \u00ab\u00a0Wake Up Dead Man\u00a0\u00bb, le plus sombre de la trilogie, se d\u00e9roule dans une petite \u00e9glise de campagne du nord de l&rsquo;\u00c9tat de New York, o\u00f9 un pr\u00eatre charismatique et fougueux exerce son emprise sur ses loyaux fid\u00e8les.<\/p>\n<p class=\"lead \">Apr\u00e8s un d\u00e9c\u00e8s, le chef de la police locale fait appel \u00e0 Benoit Blanc \u2014 le d\u00e9tective gentleman \u00e0 l&rsquo;accent du Sud incarn\u00e9 par Daniel Craig, fil conducteur de la saga.<\/p>\n<p class=\"lead \">Glenn Close, Mila Kunis et Josh Brolin compl\u00e8tent le casting.<\/p>\n<p class=\"lead \">\u00ab\u00a0Quand les films sont aussi amusants que celui-ci, c&rsquo;est vraiment facile d&rsquo;y revenir\u00a0\u00bb, a racont\u00e9 Daniel Craig aux journalistes depuis le tapis rouge.<\/p>\n<p class=\"lead \">Apr\u00e8s le succ\u00e8s du premier \u00ab\u00a0\u00c0 couteaux tir\u00e9s\u00a0\u00bb, vaguement inspir\u00e9 des romans d&rsquo;Agatha Christie, Netflix a d\u00e9bours\u00e9 quelque 400 millions de dollars (341 millions d&rsquo;euros) pour les deux suivants.<\/p>\n<p class=\"lead \">Comme le deuxi\u00e8me volet, \u00ab\u00a0Glass Onion\u00a0\u00bb, ce nouvel \u00e9pisode sortira d&rsquo;abord en salles en novembre, avant une diffusion en streaming en d\u00e9cembre.<\/p>\n<p class=\"lead \">Le r\u00e9alisateur Rian Johnson a expliqu\u00e9 que le ton gothique et inqui\u00e9tant de \u00ab\u00a0Wake Up Dead Man\u00a0\u00bb s&rsquo;inspire des \u00e9crits d&rsquo;Edgar Allan Poe, m\u00eame si l&rsquo;action se d\u00e9roule \u00e0 notre \u00e9poque et que l&rsquo;humour satirique habituel de la franchise a \u00e9t\u00e9 conserv\u00e9.<\/p>\n<p class=\"lead \">Le film s&rsquo;attaque notamment aux th\u00e9oriciens du complot et aux politiciens qui exploitent la haine. Une grande place est aussi faite \u00e0 la question de la foi.<\/p>\n<p class=\"lead \">\u2014 Laissez Elvis chanter \u2014<\/p>\n<p class=\"lead \">Samedi, pour une autre premi\u00e8re mondiale, le r\u00e9alisateur australien Baz Luhrmann a d\u00e9voil\u00e9 son film sur Elvis Presley, qui lui a demand\u00e9 sept ann\u00e9es de travail.<\/p>\n<p class=\"lead \">Ce quasi-documentaire intitul\u00e9 \u00ab\u00a0EPiC\u00a0\u00bb s&rsquo;appuie sur des images oubli\u00e9es du roi du rock.<\/p>\n<p class=\"lead \">Le film montre un Elvis encore au sommet de sa forme dans les ann\u00e9es 1970. Toute l&rsquo;histoire est racont\u00e9e par le chanteur lui-m\u00eame gr\u00e2ce \u00e0 des archives audio et vid\u00e9o.<\/p>\n<p class=\"lead \">\u00ab\u00a0Nous avons d\u00e9cid\u00e9 de laisser Elvis chanter et raconter sa propre histoire. C&rsquo;\u00e9tait un parti pris\u00a0\u00bb, a expliqu\u00e9 Baz Luhrmann.<\/p>\n<p class=\"lead \">Avant, Channing Tatum a pr\u00e9sent\u00e9 \u00ab\u00a0Roofman\u00a0\u00bb, une com\u00e9die dramatique inspir\u00e9e de l&rsquo;histoire vraie de Jeffrey Manchester, qui cambriolait des restaurants McDonald&rsquo;s en passant par les toits et vivait secr\u00e8tement dans les murs d&rsquo;un magasin Toys R Us.<\/p>\n<p class=\"lead \">\u00ab\u00a0Je me souviens avoir cri\u00e9 en lisant le sc\u00e9nario. Je disais: +Ne fais pas \u00e7a. Arr\u00eate!\u00a0\u00bb, a-t-il racont\u00e9 \u00e0 propos des d\u00e9cisions catastrophiques de son personnage.<\/p>\n<p class=\"lead \">Le Fran\u00e7ais Romain Gavras a d\u00e9voil\u00e9 \u00ab\u00a0Sacrifice\u00a0\u00bb, avec Anya Taylor-Joy et Chris Evans dans les r\u00f4les d&rsquo;une \u00e9co-terroriste et d&rsquo;une star d\u00e9chue.<\/p>\n<p class=\"lead \">Quant \u00e0 Keanu Reeves, il est apparu en ange maladroit dans la com\u00e9die \u00ab\u00a0Good Fortune\u00a0\u00bb d&rsquo;Aziz Ansari, tandis que Brendan Fraser a foul\u00e9 le tapis rouge pour \u00ab\u00a0Rental Family\u00a0\u00bb, o\u00f9 il incarne un com\u00e9dien solitaire lou\u00e9 pour assister \u00e0 des mariages ou des fun\u00e9railles \u00e0 Tokyo.<\/p>\n<p class=\"lead \">Le Festival international du film de Toronto se poursuit jusqu&rsquo;au 14 septembre.<\/p>\n<p class=\"small font-weight-bold text-gray3 \"> publi\u00e9 le 7 septembre \u00e0 06h38, AFP<\/p>\n<p>                             Partager<\/p>\n","protected":false},"excerpt":{"rendered":"C&rsquo;\u00e9tait l&rsquo;un des moments les plus attendus du Festival international du film de Toronto: Daniel Craig a foul\u00e9&hellip;\n","protected":false},"author":2,"featured_media":372504,"comment_status":"","ping_status":"","sticky":false,"template":"","format":"standard","meta":{"footnotes":""},"categories":[1359],"tags":[574,1972,58,59,849,1011,27,973],"class_list":{"0":"post-372503","1":"post","2":"type-post","3":"status-publish","4":"format-standard","5":"has-post-thumbnail","7":"category-people","8":"tag-canada","9":"tag-cinma","10":"tag-divertissement","11":"tag-entertainment","12":"tag-festival","13":"tag-fr","14":"tag-france","15":"tag-people"},"share_on_mastodon":{"url":"https:\/\/pubeurope.com\/@fr\/115161940864189236","error":""},"_links":{"self":[{"href":"https:\/\/www.europesays.com\/fr\/wp-json\/wp\/v2\/posts\/372503","targetHints":{"allow":["GET"]}}],"collection":[{"href":"https:\/\/www.europesays.com\/fr\/wp-json\/wp\/v2\/posts"}],"about":[{"href":"https:\/\/www.europesays.com\/fr\/wp-json\/wp\/v2\/types\/post"}],"author":[{"embeddable":true,"href":"https:\/\/www.europesays.com\/fr\/wp-json\/wp\/v2\/users\/2"}],"replies":[{"embeddable":true,"href":"https:\/\/www.europesays.com\/fr\/wp-json\/wp\/v2\/comments?post=372503"}],"version-history":[{"count":0,"href":"https:\/\/www.europesays.com\/fr\/wp-json\/wp\/v2\/posts\/372503\/revisions"}],"wp:featuredmedia":[{"embeddable":true,"href":"https:\/\/www.europesays.com\/fr\/wp-json\/wp\/v2\/media\/372504"}],"wp:attachment":[{"href":"https:\/\/www.europesays.com\/fr\/wp-json\/wp\/v2\/media?parent=372503"}],"wp:term":[{"taxonomy":"category","embeddable":true,"href":"https:\/\/www.europesays.com\/fr\/wp-json\/wp\/v2\/categories?post=372503"},{"taxonomy":"post_tag","embeddable":true,"href":"https:\/\/www.europesays.com\/fr\/wp-json\/wp\/v2\/tags?post=372503"}],"curies":[{"name":"wp","href":"https:\/\/api.w.org\/{rel}","templated":true}]}}