{"id":372509,"date":"2025-09-07T07:57:17","date_gmt":"2025-09-07T07:57:17","guid":{"rendered":"https:\/\/www.europesays.com\/fr\/372509\/"},"modified":"2025-09-07T07:57:17","modified_gmt":"2025-09-07T07:57:17","slug":"vingt-ans-apres-la-serie-malcolm-fait-son-come-back","status":"publish","type":"post","link":"https:\/\/www.europesays.com\/fr\/372509\/","title":{"rendered":"Vingt ans apr\u00e8s, la s\u00e9rie Malcolm fait son come-back"},"content":{"rendered":"<p>Il y a des annonces qui font vibrer toute une g\u00e9n\u00e9ration. Vingt ans apr\u00e8s avoir quitt\u00e9 l\u2019antenne, une certaine famille dysfonctionnelle, championne du chaos domestique et du gag absurde, s\u2019appr\u00eate \u00e0 faire son retour au sommet. Le <strong>ph\u00e9nom\u00e8ne, qui a marqu\u00e9 les ann\u00e9es 2000<\/strong> par son humour corrosif et son portrait impitoyable de la classe moyenne am\u00e9ricaine, rena\u00eet en exclusivit\u00e9 sur <strong>Disney+<\/strong> avec non pas une saison enti\u00e8re, mais une \u00ab suite \u00e9v\u00e9nement \u00bb en quatre \u00e9pisodes.<\/p>\n<p>L\u2019impensable se r\u00e9alise enfin : ce casting culte reprend du service pour offrir une nouvelle tranche de vie \u00e0 des personnages que l\u2019on pensait \u00e0 jamais rang\u00e9s au placard des s\u00e9ries vintage. Le tournage, commenc\u00e9 en avril, vient tout juste de s\u2019achever, dans une rare excitation partag\u00e9e \u00e0 la fois par l\u2019\u00e9quipe et les fans en ligne.<\/p>\n<p>Les infos cl\u00e9s sur le retour de Malcolm<\/p>\n<ul>\n<li><strong>Format :<\/strong> mini-s\u00e9rie de 4 \u00e9pisodes, diffus\u00e9e sur Disney+<\/li>\n<li><strong>Date de diffusion :<\/strong> d\u00e9cembre 2025 (France et \u00c9tats-Unis, possibilit\u00e9 d\u00e9but 2026 selon les pays)<\/li>\n<li><strong>\u00c9tat du projet :<\/strong> tournage termin\u00e9 depuis mai 2025<\/li>\n<li><strong>Distribution :<\/strong> retour du trio original, Frankie Muniz (le cadet surdou\u00e9), Bryan Cranston (le p\u00e8re in\u00e9narrable), Jane Kaczmarek (la m\u00e8re in\u00e9puisable), Christopher Masterson (Francis) et Justin Berfield (Reese). Le r\u00f4le de Dewey, absent de la premi\u00e8re version, est repris par Caleb Ellsworth-Clark. Nouvelles t\u00eates au casting : Kiana Madeira, Anthony Timpano, Keely Karsten<\/li>\n<li><strong>Synopsis officiel :<\/strong> Malcolm et sa fille Leah sont entra\u00een\u00e9s dans le chaos familial lorsqu\u2019Hal et Lois convoquent tout le monde pour leurs 40 ans de mariage<\/li>\n<li><strong>Direction :<\/strong> Linwood Boomer (cr\u00e9ateur original) de retour \u00e0 la barre<\/li>\n<li><strong>Dur\u00e9e des \u00e9pisodes :<\/strong> environ 30 minutes chacun, pour un total de 2 heures, initialement imagin\u00e9 comme un film unique mais scind\u00e9 pour le format plateforme<\/li>\n<\/ul>\n<p>Le synopsis de la suite : g\u00e9n\u00e9ration(s) en crise<\/p>\n<p>Reprendre le fil, vingt ans apr\u00e8s : c\u2019est le d\u00e9fi que se sont lanc\u00e9s le cr\u00e9ateur <strong>Linwood Boomer et le casting d\u2019origine<\/strong>. L\u2019id\u00e9e ? R\u00e9unir la fratrie d\u00e9sormais adulte (chacun avec ses casseroles\u2026 et ses propres enfants) autour d\u2019un anniversaire de mariage mouvement\u00e9. Le c\u0153ur de cette mini-s\u00e9rie : la confrontation de deux g\u00e9n\u00e9rations, les parents Hal et Lois toujours aussi impr\u00e9visibles, et leurs enfants d\u00e9sormais confront\u00e9s \u00e0 leurs propres responsabilit\u00e9s. Malcolm a lui-m\u00eame une fille, Leah, d\u00e9peinte comme encore plus brillante et perspicace que lui, mais aussi bien plus sensible.<\/p>\n<p>Tout en rendant hommage \u00e0 la folie quotidienne, la suite choisit d\u2019embrasser le passage du temps. Les bouleversements de la vie adulte p\u00e9n\u00e8trent la dynamique familiale, mais l\u2019\u00e9criture promet un retour aux fondamentaux : satire, situations loufoques, et un festival de r\u00e9pliques cisel\u00e9es. Chacun se retrouve plong\u00e9 dans une r\u00e9union familiale o\u00f9 tout peut, et va, d\u00e9raper : h\u00e9ritage parfait d\u2019un esprit sitcom qui a su faire rire autant qu\u2019\u00e9mouvoir.<\/p>\n<p>Un casting quasi complet\u2026 et quelques surprises<\/p>\n<p>La s\u00e9rie ne serait pas ce qu\u2019elle est sans son cercle de personnages iconiques. <strong>Bryan Cranston <\/strong>(Hal), <strong>Jane Kaczmarek <\/strong>(Lois) et <strong>Frankie Muniz <\/strong>(dans le r\u00f4le-titre) reprennent leur place, entour\u00e9s de <strong>Christopher Masterson<\/strong>,<strong> Justin Berfield<\/strong> et d\u2019un <strong>nouveau Dewey<\/strong> (Erik Per Sullivan ayant longtemps gard\u00e9 ses distances avec les plateaux). Les annonces de casting, distill\u00e9es au compte-gouttes, ont soulev\u00e9 une vague de nostalgie et d\u2019enthousiasme aupr\u00e8s des fans, ravis de retrouver aussi des visages in\u00e9dits.<\/p>\n<p>Le vent de modernit\u00e9 se fait sentir avec l\u2019entr\u00e9e de <strong>Keely Karsten<\/strong> (Leah, la fille de Malcolm), <strong>Kiana Madeira<\/strong> ou encore<strong> Anthony Timpano<\/strong>. Le tout sous le regard bienveillant de <strong>Bryan Cranston<\/strong>, qui s\u2019est longuement battu pour convaincre le cr\u00e9ateur de rempiler et promet \u00ab une suite hilarante et sinc\u00e8re \u00bb, \u00e0 la hauteur du mythe t\u00e9l\u00e9visuel.<\/p>\n<p>Production discr\u00e8te, attente maximale<\/p>\n<p>Fait rare dans le paysage s\u00e9riel actuel, ce retour s\u2019est orchestr\u00e9 dans le plus grand secret. Aucune photo officielle, pas m\u00eame un teaser fugace n\u2019a filtr\u00e9 durant le tournage, \u00e0 l\u2019exception de messages enthousiastes de Frankie Muniz et de rares confidences du showrunner. Tout juste sait-on que la dynamique et la chimie du casting ont surv\u00e9cu au passage des d\u00e9cennies, les retrouvailles ayant \u00e9t\u00e9 v\u00e9cues comme un r\u00eave selon les mots de Muniz lui-m\u00eame.<\/p>\n<p>Il faut dire que <strong>Disney+<\/strong> investit \u00e9norm\u00e9ment dans cette op\u00e9ration revival : relancer une s\u00e9rie de ce calibre, avec son humour corrosif et ses r\u00e9f\u00e9rences g\u00e9n\u00e9rationnelles, constitue un pari autant marketing qu\u2019artistique.<\/p>\n<p>C\u00f4t\u00e9 \u00e9criture, la mini-s\u00e9rie tentera le grand \u00e9cart : satisfaire la nostalgie tout en r\u00e9ussissant \u00e0 parler \u00e0 une nouvelle g\u00e9n\u00e9ration. Les dialogues promettent de faire le pont entre l\u2019humour d\u00e9lirant des ann\u00e9es 2000 et l\u2019\u00e9volution des mentalit\u00e9s familiales d\u2019aujourd\u2019hui, sans tomber dans la caricature \u00e9vidente. Nombreux sont ceux qui esp\u00e8rent d\u00e9j\u00e0 qu\u2019en cas de succ\u00e8s, l\u2019aventure puisse se poursuivre voire ouvrir la voie \u00e0 <strong>une v\u00e9ritable saison 9<\/strong>.<\/p>\n<p>Pourquoi ce revival s\u2019annonce comme un \u00e9v\u00e9nement<\/p>\n<p>Le retour de cette s\u00e9rie culte cristallise un vent de nostalgie, mais pas seulement. Depuis l\u2019annonce officielle, les forums, r\u00e9seaux sociaux et m\u00e9dias sp\u00e9cialis\u00e9s d\u00e9bordent d\u2019analyses, de th\u00e9ories et d\u2019attentes. <strong>Frankie Muniz<\/strong> lui-m\u00eame promet \u00ab des surprises \u00bb : \u00ab Les fans pensent savoir ce qu\u2019ils vont voir, mais ils seront vraiment surpris. \u00bb<br \/>Pour Disney+, c\u2019est l\u2019occasion de rappeler sa capacit\u00e9 \u00e0 f\u00e9d\u00e9rer toutes les g\u00e9n\u00e9rations, les anciens spectateurs (devenus parents \u00e0 leur tour) comme les nouvelles audiences. L\u2019impact culturel est notable : l\u2019\u0153uvre originale incarne encore aujourd\u2019hui une r\u00e9f\u00e9rence dans la sitcom mondiale, entre humour ravageur et portrait sans filtre des familles imparfaites.<\/p>\n<p>La s\u00e9rie a su marquer l\u2019histoire, inspirer d\u2019autres cr\u00e9ations et rassembler un public multi-g\u00e9n\u00e9rationnel. La promesse de ce retour, c\u2019est moins une reconstitution mus\u00e9ale qu\u2019une franche envie de jouer avec ses propres codes, de c\u00e9l\u00e9brer la transmission tout en pointant du doigt nos travers contemporains. La hype autour des quatre \u00e9pisodes annonc\u00e9s prouve que, m\u00eame vingt ans plus tard, l\u2019attente reste totale.<\/p>\n<p>Malcolm : le come-back que personne n\u2019osait imaginer<\/p>\n<p>Il aura fallu plus de deux d\u00e9cennies pour retrouver l\u2019une des familles les plus folles de la t\u00e9l\u00e9vision. Ce grand retour parie sur un mix d\u2019auto-d\u00e9rision, de complicit\u00e9 retrouvailles et de nouveaux visages pour prolonger la magie. Si les premiers retours du plateau en interne sont aussi sinc\u00e8res et enthousiastes qu\u2019annonc\u00e9s, le rendez-vous de d\u00e9cembre sur Disney+ pourrait bien marquer l\u2019un des \u00e9v\u00e9nements s\u00e9riels majeurs de l\u2019ann\u00e9e 2025.<\/p>\n<p>Entre hommage et nouveau d\u00e9part, ce revival r\u00e9ussira-t-il \u00e0 transformer l\u2019essai et \u00e0 s\u00e9duire aussi bien les inconditionnels de la premi\u00e8re heure que les nouveaux venus ? R\u00e9ponse d\u00e8s la fin de l\u2019ann\u00e9e, pour quatre \u00e9pisodes qui redonnent ses lettres de noblesse \u00e0 la sitcom familiale.<\/p>\n","protected":false},"excerpt":{"rendered":"Il y a des annonces qui font vibrer toute une g\u00e9n\u00e9ration. Vingt ans apr\u00e8s avoir quitt\u00e9 l\u2019antenne, une&hellip;\n","protected":false},"author":2,"featured_media":372510,"comment_status":"","ping_status":"","sticky":false,"template":"","format":"standard","meta":{"footnotes":""},"categories":[1356],"tags":[58,59,1011,27,252,1364],"class_list":{"0":"post-372509","1":"post","2":"type-post","3":"status-publish","4":"format-standard","5":"has-post-thumbnail","7":"category-television","8":"tag-divertissement","9":"tag-entertainment","10":"tag-fr","11":"tag-france","12":"tag-television","13":"tag-tv"},"share_on_mastodon":{"url":"https:\/\/pubeurope.com\/@fr\/115161952872314968","error":""},"_links":{"self":[{"href":"https:\/\/www.europesays.com\/fr\/wp-json\/wp\/v2\/posts\/372509","targetHints":{"allow":["GET"]}}],"collection":[{"href":"https:\/\/www.europesays.com\/fr\/wp-json\/wp\/v2\/posts"}],"about":[{"href":"https:\/\/www.europesays.com\/fr\/wp-json\/wp\/v2\/types\/post"}],"author":[{"embeddable":true,"href":"https:\/\/www.europesays.com\/fr\/wp-json\/wp\/v2\/users\/2"}],"replies":[{"embeddable":true,"href":"https:\/\/www.europesays.com\/fr\/wp-json\/wp\/v2\/comments?post=372509"}],"version-history":[{"count":0,"href":"https:\/\/www.europesays.com\/fr\/wp-json\/wp\/v2\/posts\/372509\/revisions"}],"wp:featuredmedia":[{"embeddable":true,"href":"https:\/\/www.europesays.com\/fr\/wp-json\/wp\/v2\/media\/372510"}],"wp:attachment":[{"href":"https:\/\/www.europesays.com\/fr\/wp-json\/wp\/v2\/media?parent=372509"}],"wp:term":[{"taxonomy":"category","embeddable":true,"href":"https:\/\/www.europesays.com\/fr\/wp-json\/wp\/v2\/categories?post=372509"},{"taxonomy":"post_tag","embeddable":true,"href":"https:\/\/www.europesays.com\/fr\/wp-json\/wp\/v2\/tags?post=372509"}],"curies":[{"name":"wp","href":"https:\/\/api.w.org\/{rel}","templated":true}]}}