{"id":372513,"date":"2025-09-07T07:59:11","date_gmt":"2025-09-07T07:59:11","guid":{"rendered":"https:\/\/www.europesays.com\/fr\/372513\/"},"modified":"2025-09-07T07:59:11","modified_gmt":"2025-09-07T07:59:11","slug":"voici-lactrice-choisie-pour-devenir-la-nouvelle-lara-croft","status":"publish","type":"post","link":"https:\/\/www.europesays.com\/fr\/372513\/","title":{"rendered":"Voici l\u2019actrice choisie pour devenir la nouvelle Lara Croft"},"content":{"rendered":"<p>C\u2019est <b>Sophie Turner<\/b>, mondialement connue pour <a href=\"https:\/\/www.noovomoi.ca\/en-vedette\/article.sophie-turner-game-of-thrones-l-a-rendue-suicidaire.1.9086811.html\" target=\"_blank\" rel=\"noopener\">son r\u00f4le de <b>Sansa Stark<\/b> dans Game of Thrones<\/a>, qui aura la t\u00e2che de redonner vie \u00e0 l\u2019aventuri\u00e8re-arch\u00e9ologue! Dans un communiqu\u00e9, <b>Sophie<\/b> s\u2019est dite honor\u00e9e de succ\u00e9der \u00e0 deux ic\u00f4nes du cin\u00e9ma, <b>Angelina Jolie <\/b>et <b>Alicia Vikander<\/b>, qui ont marqu\u00e9 l\u2019histoire de ce personnage culte.<\/p>\n<p>\u00ab Je suis absolument ravie d&rsquo;incarner Lara Croft. C&rsquo;est un personnage tellement embl\u00e9matique, qui repr\u00e9sente tellement de choses pour tant de gens \u2014 et je vais donner tout ce que j&rsquo;ai \u00bb, a confi\u00e9 l\u2019actrice de 29 ans. \u00ab Marcher dans les pas d&rsquo;Angelina et d&rsquo;Alicia avec leurs performances puissantes est un sacr\u00e9 d\u00e9fi, mais avec Phoebe (Waller-Bridge) \u00e0 la barre, nous \u2014 et Lara \u2014 sommes tous entre de tr\u00e8s bonnes mains. \u00bb<\/p>\n<p>Cr\u00e9\u00e9e en 1996 dans le jeu vid\u00e9o Tomb Raider, <b>Lara Croft <\/b>est devenue au fil des d\u00e9cennies une v\u00e9ritable ic\u00f4ne de la pop culture. <b>Angelina Jolie<\/b> fut la premi\u00e8re \u00e0 incarner l\u2019h\u00e9ro\u00efne sur grand \u00e9cran avec Lara Croft: Tomb Raider (2001) et Le berceau de la vie (2003). Plus r\u00e9cemment, <b>Alicia Vikander<\/b> a repris le flambeau dans le reboot de 2018!<\/p>\n<p>Aujourd\u2019hui, c\u2019est au petit \u00e9cran que l\u2019aventuri\u00e8re rena\u00eet, cette fois dans une s\u00e9rie ambitieuse sign\u00e9e Prime Video.<\/p>\n","protected":false},"excerpt":{"rendered":"C\u2019est Sophie Turner, mondialement connue pour son r\u00f4le de Sansa Stark dans Game of Thrones, qui aura la&hellip;\n","protected":false},"author":2,"featured_media":372514,"comment_status":"","ping_status":"","sticky":false,"template":"","format":"standard","meta":{"footnotes":""},"categories":[1354],"tags":[58,59,1346,1011,27,1360,50658,252],"class_list":{"0":"post-372513","1":"post","2":"type-post","3":"status-publish","4":"format-standard","5":"has-post-thumbnail","7":"category-films","8":"tag-divertissement","9":"tag-entertainment","10":"tag-films","11":"tag-fr","12":"tag-france","13":"tag-movies","14":"tag-sophie-turner","15":"tag-television"},"share_on_mastodon":{"url":"https:\/\/pubeurope.com\/@fr\/115161960536205174","error":""},"_links":{"self":[{"href":"https:\/\/www.europesays.com\/fr\/wp-json\/wp\/v2\/posts\/372513","targetHints":{"allow":["GET"]}}],"collection":[{"href":"https:\/\/www.europesays.com\/fr\/wp-json\/wp\/v2\/posts"}],"about":[{"href":"https:\/\/www.europesays.com\/fr\/wp-json\/wp\/v2\/types\/post"}],"author":[{"embeddable":true,"href":"https:\/\/www.europesays.com\/fr\/wp-json\/wp\/v2\/users\/2"}],"replies":[{"embeddable":true,"href":"https:\/\/www.europesays.com\/fr\/wp-json\/wp\/v2\/comments?post=372513"}],"version-history":[{"count":0,"href":"https:\/\/www.europesays.com\/fr\/wp-json\/wp\/v2\/posts\/372513\/revisions"}],"wp:featuredmedia":[{"embeddable":true,"href":"https:\/\/www.europesays.com\/fr\/wp-json\/wp\/v2\/media\/372514"}],"wp:attachment":[{"href":"https:\/\/www.europesays.com\/fr\/wp-json\/wp\/v2\/media?parent=372513"}],"wp:term":[{"taxonomy":"category","embeddable":true,"href":"https:\/\/www.europesays.com\/fr\/wp-json\/wp\/v2\/categories?post=372513"},{"taxonomy":"post_tag","embeddable":true,"href":"https:\/\/www.europesays.com\/fr\/wp-json\/wp\/v2\/tags?post=372513"}],"curies":[{"name":"wp","href":"https:\/\/api.w.org\/{rel}","templated":true}]}}