{"id":372519,"date":"2025-09-07T08:02:10","date_gmt":"2025-09-07T08:02:10","guid":{"rendered":"https:\/\/www.europesays.com\/fr\/372519\/"},"modified":"2025-09-07T08:02:10","modified_gmt":"2025-09-07T08:02:10","slug":"lappartement-parisien-de-giorgio-armani-pres-du-cafe-de-flore","status":"publish","type":"post","link":"https:\/\/www.europesays.com\/fr\/372519\/","title":{"rendered":"L&rsquo;appartement parisien de Giorgio Armani, pr\u00e8s du Caf\u00e9 de Flore"},"content":{"rendered":"\n<p>Quelques jours apr\u00e8s la disparition de Giorgio Armani, l\u00a0\u00bbattention se porte sur l&rsquo;une de ses adresses les plus pr\u00e9cieuses : son appartement parisien, lov\u00e9 au c\u0153ur de Saint-Germain-des-Pr\u00e9s, <strong>\u00e0 deux pas du Caf\u00e9 de Flore<\/strong>. Derri\u00e8re cette fa\u00e7ade discr\u00e8te se cache un cocon raffin\u00e9 o\u00f9 le cr\u00e9ateur italien avait trouv\u00e9 un souffle nouveau, <a href=\"https:\/\/www.lejournaldelamaison.fr\/le-journal-de-la-maison\/reportages-maisons\/maisons-reportages-maisons\/franck-ribery-appartement-de-sa-fille-hiziya-516018.html\" rel=\"nofollow noopener\" target=\"_blank\">loin de l&rsquo;effervescence milanaise<\/a>.<\/p>\n<p>    Quand Giorgio Armani a fait de Paris son refuge \u00e9l\u00e9gant pr\u00e8s du Caf\u00e9 de Flore <\/p>\n<p>En 2023, Giorgio Armani avait ouvert les portes de ses maisons \u00e0 nos confr\u00e8res d&rsquo;AD Magazine. Le cr\u00e9ateur italien, qui poss\u00e9dait des adresses entre Milan, Pantelleria, Saint-Tropez ou encore Forte dei Marmi, avait racont\u00e9 <strong>son rapport intime avec chacune d&rsquo;elles<\/strong>. Il confiait alors les voir comme autant de refuges, chacune incarnant <strong>une facette de sa personnalit\u00e9<\/strong>. Parmi elles, une demeure fran\u00e7aise a particuli\u00e8rement retenu l&rsquo;attention : <a href=\"https:\/\/www.lejournaldelamaison.fr\/le-journal-de-la-maison\/reportages-maisons\/appartements\/julia-vignali-brocantes-chine-buffet-vaisselier-fauteuil-velours-vert-appartement-parisien-place-bastille-refait-neuf-baigne-lumiere-520104.html\" rel=\"nofollow noopener\" target=\"_blank\">son appartement parisien<\/a>, situ\u00e9 \u00e0 deux pas du Caf\u00e9 de Flore.<\/p>\n<p>\u00c0 travers ces diff\u00e9rentes propri\u00e9t\u00e9s,<strong> Giorgio Armani esquissait un art de vivre o\u00f9 la sobri\u00e9t\u00e9 rencontrait le raffinement<\/strong>. \u00ab\u00a0Ma demeure milanaise est le centre de mon univers\u00a0\u00bb, expliquait-il, tandis que son \u00eele de Pantelleria repr\u00e9sentait \u00ab\u00a0<strong>Un amour stable et durable<\/strong>\u00a0\u00bb et New York \u00ab\u00a0Une fantaisie cin\u00e9matographique\u00a0\u00bb. Mais derri\u00e8re <a href=\"https:\/\/www.lejournaldelamaison.fr\/le-journal-de-la-maison\/reportages-maisons\/maison-youri-djorkaeff-new-york-510251.html\" rel=\"nofollow noopener\" target=\"_blank\">ces lieux iconiques<\/a>, Paris occupait une place singuli\u00e8re, comme une \u00e9chapp\u00e9e \u00e9l\u00e9gante loin de Milan.<\/p>\n<p>    L&rsquo;art de m\u00ealer tradition fran\u00e7aise et modernit\u00e9 sign\u00e9 Giorgio Armani <\/p>\n<p>Acheter un appartement dans <strong>le quartier de Saint-Germain-des-Pr\u00e9s<\/strong> relevait presque du symbole. Le regrett\u00e9 Armani racontait : \u00ab\u00a0Ma vie \u00e0 Paris est en rupture compl\u00e8te avec mon quotidien \u00e0 Milan. C&rsquo;est comme si je plongeais dans un autre monde.\u00a0\u00bb Acquis en 2014, cet int\u00e9rieur refl\u00e9tait son attachement \u00e0 l&rsquo;\u00e9l\u00e9gance fran\u00e7aise. Panneaux dor\u00e9s, moulures et chemin\u00e9e classique composaient <a href=\"https:\/\/www.lejournaldelamaison.fr\/le-journal-de-la-maison\/reportages-maisons\/maisons-reportages-maisons\/isabelle-huppert-suis-paresseuse-jardine-cuisine-linterieur-maison-bourgeoise-hauts-seine-ville-davray-veranda-ouverte-j-516271.html\" rel=\"nofollow noopener\" target=\"_blank\">un cadre \u00e0 la fois bourgeois et apaisant<\/a>, relev\u00e9 par des pi\u00e8ces de sa ligne Armani\/Casa, comme <strong>les commodes Erin dispos\u00e9es de part et d&rsquo;autre du foyer<\/strong>.<\/p>\n<p>Cet \u00e9quilibre entre tradition et modernit\u00e9 donnait <strong>tout son caract\u00e8re \u00e0 l&rsquo;appartement<\/strong>. Giorgio Armani insistait sur ce m\u00e9lange subtil. Une base tr\u00e8s fran\u00e7aise,<a href=\"https:\/\/www.lejournaldelamaison.fr\/le-journal-de-la-maison\/reportages-maisons\/maisons-reportages-maisons\/ce-studio-de-27-mc2b2-a-versailles-a-ete-entierement-reinvente-entre-design-contemporain-et-esprit-brocante-517756.html\" rel=\"nofollow noopener\" target=\"_blank\"> habill\u00e9e de d\u00e9tails contemporains<\/a> discrets. C&rsquo;\u00e9tait<strong> la version parisienne de son style<\/strong>. On y percevait son go\u00fbt pour l&rsquo;\u00e9pure, mais aussi son d\u00e9sir de se fondre dans l&rsquo;esprit du quartier litt\u00e9raire et artistique.<\/p>\n<blockquote class=\"instagram-media \" style=\"background: #ffffff;border: 0;margin: 1px;width: 100%;padding: 0;max-width: 500px;\" data-instgrm-permalink=\"https:\/\/www.instagram.com\/p\/DOLpsGcDEcY\/\" data-instgrm-version=\"14\"\/><p>    De Milan \u00e0 Saint-Tropez, les autres havres de Giorgio Armani <\/p>\n<p>L&rsquo;appartement parisien ne repr\u00e9sentait qu&rsquo;une partie d&rsquo;un vaste univers r\u00e9sidentiel. \u00c0 <a href=\"https:\/\/www.lejournaldelamaison.fr\/le-journal-de-la-maison\/reportages-maisons\/maisons-bord-de-mer\/johnny-hallyday-villa-de-reve-saint-tropez-518611.html\" rel=\"nofollow noopener\" target=\"_blank\">Saint-Tropez<\/a>, Armani s&rsquo;\u00e9tait offert une villa <strong>entour\u00e9e de cypr\u00e8s et d&rsquo;eucalyptus<\/strong>, pens\u00e9e comme une bulle intimiste. En Italie, son palais du XVIIe si\u00e8cle de la Via Borgonuovo \u00e0 Milan restait son centre n\u00e9vralgique, am\u00e9nag\u00e9 avec Peter Marino dans un dialogue constant entre diff\u00e9rentes \u00e9poques. Et sur l&rsquo;\u00eele de Pantelleria, <strong>il avait restaur\u00e9 trois dammusi<\/strong>, ces maisons de lave embl\u00e9matiques, transform\u00e9es en havre de paix.<\/p>\n<p>Mais c&rsquo;est bien \u00e0 Paris que son regard s&rsquo;illuminait diff\u00e9remment. \u00ab\u00a0Je suis tomb\u00e9 amoureux de la joie de vivre parisienne, de cette \u00e9l\u00e9gance excentrique qui allie le formel et la fantaisie\u00a0\u00bb, confiait-il. Cet appartement du Caf\u00e9 de Flore \u00e9tait <strong>son pied-\u00e0-terre sentimental<\/strong>, une adresse o\u00f9 il avait su traduire son univers en r\u00e9sonance avec l&rsquo;esprit fran\u00e7ais. Un lieu qui reste, encore aujourd&rsquo;hui, <strong>une pi\u00e8ce ma\u00eetresse de son h\u00e9ritage<\/strong>.<\/p>\n<p>                <script async src=\"\/\/www.instagram.com\/embed.js\"><\/script><\/p>\n","protected":false},"excerpt":{"rendered":"Quelques jours apr\u00e8s la disparition de Giorgio Armani, l\u00a0\u00bbattention se porte sur l&rsquo;une de ses adresses les plus&hellip;\n","protected":false},"author":2,"featured_media":372520,"comment_status":"","ping_status":"","sticky":false,"template":"","format":"standard","meta":{"footnotes":""},"categories":[8],"tags":[58,59,1011,27],"class_list":{"0":"post-372519","1":"post","2":"type-post","3":"status-publish","4":"format-standard","5":"has-post-thumbnail","7":"category-divertissement","8":"tag-divertissement","9":"tag-entertainment","10":"tag-fr","11":"tag-france"},"share_on_mastodon":{"url":"https:\/\/pubeurope.com\/@fr\/115161972315819356","error":""},"_links":{"self":[{"href":"https:\/\/www.europesays.com\/fr\/wp-json\/wp\/v2\/posts\/372519","targetHints":{"allow":["GET"]}}],"collection":[{"href":"https:\/\/www.europesays.com\/fr\/wp-json\/wp\/v2\/posts"}],"about":[{"href":"https:\/\/www.europesays.com\/fr\/wp-json\/wp\/v2\/types\/post"}],"author":[{"embeddable":true,"href":"https:\/\/www.europesays.com\/fr\/wp-json\/wp\/v2\/users\/2"}],"replies":[{"embeddable":true,"href":"https:\/\/www.europesays.com\/fr\/wp-json\/wp\/v2\/comments?post=372519"}],"version-history":[{"count":0,"href":"https:\/\/www.europesays.com\/fr\/wp-json\/wp\/v2\/posts\/372519\/revisions"}],"wp:featuredmedia":[{"embeddable":true,"href":"https:\/\/www.europesays.com\/fr\/wp-json\/wp\/v2\/media\/372520"}],"wp:attachment":[{"href":"https:\/\/www.europesays.com\/fr\/wp-json\/wp\/v2\/media?parent=372519"}],"wp:term":[{"taxonomy":"category","embeddable":true,"href":"https:\/\/www.europesays.com\/fr\/wp-json\/wp\/v2\/categories?post=372519"},{"taxonomy":"post_tag","embeddable":true,"href":"https:\/\/www.europesays.com\/fr\/wp-json\/wp\/v2\/tags?post=372519"}],"curies":[{"name":"wp","href":"https:\/\/api.w.org\/{rel}","templated":true}]}}