{"id":372527,"date":"2025-09-07T08:06:11","date_gmt":"2025-09-07T08:06:11","guid":{"rendered":"https:\/\/www.europesays.com\/fr\/372527\/"},"modified":"2025-09-07T08:06:11","modified_gmt":"2025-09-07T08:06:11","slug":"joggeur-tue-a-bievres-on-a-tout-de-suite-compris-que-quelque-chose-de-grave-etait-arrive-le-parisien","status":"publish","type":"post","link":"https:\/\/www.europesays.com\/fr\/372527\/","title":{"rendered":"Joggeur tu\u00e9 \u00e0 Bi\u00e8vres : \u00ab On a tout de suite compris que quelque chose de grave \u00e9tait arriv\u00e9 \u00bb &#8211; Le Parisien"},"content":{"rendered":"<ol>\n<li><a href=\"https:\/\/news.google.com\/rss\/articles\/CBMijgJBVV95cUxQbENhNnJTaldocC1jZGt0QXVBN3lGVlVxUjlFMlBmUThUYUZEOXhzOGRNX2RkNEIyYWQ2b2liVng5UlJlYm93UmhQVUxtVEZWd1plSUNfN0NkR3NmcFQ3cFBneEZWQlZiMmVySWRxWVZUTkhtTDhNZ3hrUmtsVERKZ2xWRmdTWHlvZzRmQ0R2X3ZRUy1QYk5oM3N0NHBjRTllbjlVaS1MWmpWWUF0dlBBWElPSTZUZVFoQUhTT3oycTFWZy1iejVTS1JLNjFrUjE5MlNxckRWWjJJekZYVzU4TS1lcmlpN19lSFBCVkEzNnM2cjItdDE3Rk1DYS14d0x4OEVWam0wX3p2a3FNaGc?oc=5\" target=\"_blank\" rel=\"noopener\">Joggeur tu\u00e9 \u00e0 Bi\u00e8vres : \u00ab On a tout de suite compris que quelque chose de grave \u00e9tait arriv\u00e9 \u00bb<\/a>&nbsp;&nbsp;Le Parisien<\/li>\n<li><a href=\"https:\/\/news.google.com\/rss\/articles\/CBMizgFBVV95cUxNek9jbG5HamNJYXY5MUdYWHVGc3RvdXU3OHRFSW5JRnlKbFlTSElndFN6T0VFbWtzaFcwY3NrbW9Sc1QwOHpGbTZrZncyZ3pTbkFmWDBKYl91UVpvZUE1RWh2UW4tdFY5clZwZmhwVjhIdmRHVW8zM1JUb2Njb25NODhvbnB4TlNTVVNBZDZPTU9VQlE3VzhxdnRKaVl0bVZKZ2NVU1c4SHNlODNhcEMwV09LUmcxUmlKdm16QXZTMGxFenlBeWlIRXBRVXhsQQ?oc=5\" target=\"_blank\" rel=\"noopener\">Essonne : un homme retrouv\u00e9 mort, tu\u00e9 par balle pendant son jogging<\/a>&nbsp;&nbsp;Actualit\u00e9s \u2013 Orange<\/li>\n<li><a href=\"https:\/\/news.google.com\/rss\/articles\/CBMiugFBVV95cUxPWWJ3bFhMNWRrTVZpcW5pQUVqTFZvZUJnX0xSeTE2UVppcThPcTQ4Ml8tU0VKd0NzV0ZhRVZaclhIRVE4MlRBVGEwWDFSSVQwektHcTJXWVZVaVI4a0xZbVU4dnZkZU9SOWF4NWx0TmtsSnJQY3Fuamc5X0hzVkZCcnkzcjBJMHh6SDNnQ2lhWUtjai10TmtjQUtsVXdMWFVDdmRHaVZtelJNUkk1ZlBHYUY3ZFEzUXpWZkE?oc=5\" target=\"_blank\" rel=\"noopener\">Un homme tu\u00e9 par balles durant son jogging dans un bois de l\u2019Essonne<\/a>&nbsp;&nbsp;20 Minutes<\/li>\n<li><a href=\"https:\/\/news.google.com\/rss\/articles\/CBMi3AFBVV95cUxOOV9oai1kREdSZ3VBV3JWcWd0Qm1XYkU0ZnVTUldSQ2E4SUZwb3k3UWpIMUFNa0JtS2liSzFNb3RaZFhQTWl0Q0EzLTJvZS1HbDA2MjlSbGVGN1dTX3RiLV9QU21TOUdIMVVqNEhKM0E3WmNlZWRBSXVzc1BfQllZZ2hvRDAtbFFMVHI3SXkyRnU3ZWZmV2k1OTJ2RTgxMzZXVV9fRFR3dzRUZ3BybTJwbjZBNkh4V3otU2lwMVpZQm4yS3pfQXdTUU9VUFNhMWxkOGRnWWx6UEc1VDI2?oc=5\" target=\"_blank\" rel=\"noopener\">Essonne : une enqu\u00eate ouverte pour homicide volontaire apr\u00e8s la d\u00e9couverte d&rsquo;un corps<\/a>&nbsp;&nbsp;francebleu.fr<\/li>\n<li><a href=\"https:\/\/news.google.com\/rss\/articles\/CBMi1gFBVV95cUxQVEtuT2FXZ1N3eENHenRCTDRTUi1uTGhkNzNsLWVzS01Qa25rMERGSjJFMjluWUh4dFNHYzAzRkdoVUtHNGJmc1YtM3JZdnNwdXA2bzBfV3dRZWJjdi1PRlJVNk94YmZzYjFkT2hidmQzTFBXYm5KRS1NOHl0a1YtR1FDYm1CZWQxUk43ZzdxdEdNWk5OQ20zNTBmUnU1N3BfcDhXRkNMcnB0dVZiWi1XZHRicXdEN0k4MkdKdmRfWkVXSmI0V0ZlRGllY2dtc1c2dGZjb1RB?oc=5\" target=\"_blank\" rel=\"noopener\">Un joggeur de 38 ans retrouv\u00e9 mort par balle, une enqu\u00eate pour homicide volontaire ouverte<\/a>&nbsp;&nbsp;Sud Ouest<\/li>\n<\/ol>\n","protected":false},"excerpt":{"rendered":"Joggeur tu\u00e9 \u00e0 Bi\u00e8vres : \u00ab On a tout de suite compris que quelque chose de grave \u00e9tait&hellip;\n","protected":false},"author":2,"featured_media":372528,"comment_status":"","ping_status":"","sticky":false,"template":"","format":"standard","meta":{"footnotes":""},"categories":[4],"tags":[11,1936,118,1011,27,1944,12,25],"class_list":{"0":"post-372527","1":"post","2":"type-post","3":"status-publish","4":"format-standard","5":"has-post-thumbnail","7":"category-france","8":"tag-actualites","9":"tag-essonne","10":"tag-faits-divers","11":"tag-fr","12":"tag-france","13":"tag-ma-ville","14":"tag-news","15":"tag-republique-francaise"},"share_on_mastodon":{"url":"https:\/\/pubeurope.com\/@fr\/115161988467706555","error":""},"_links":{"self":[{"href":"https:\/\/www.europesays.com\/fr\/wp-json\/wp\/v2\/posts\/372527","targetHints":{"allow":["GET"]}}],"collection":[{"href":"https:\/\/www.europesays.com\/fr\/wp-json\/wp\/v2\/posts"}],"about":[{"href":"https:\/\/www.europesays.com\/fr\/wp-json\/wp\/v2\/types\/post"}],"author":[{"embeddable":true,"href":"https:\/\/www.europesays.com\/fr\/wp-json\/wp\/v2\/users\/2"}],"replies":[{"embeddable":true,"href":"https:\/\/www.europesays.com\/fr\/wp-json\/wp\/v2\/comments?post=372527"}],"version-history":[{"count":0,"href":"https:\/\/www.europesays.com\/fr\/wp-json\/wp\/v2\/posts\/372527\/revisions"}],"wp:featuredmedia":[{"embeddable":true,"href":"https:\/\/www.europesays.com\/fr\/wp-json\/wp\/v2\/media\/372528"}],"wp:attachment":[{"href":"https:\/\/www.europesays.com\/fr\/wp-json\/wp\/v2\/media?parent=372527"}],"wp:term":[{"taxonomy":"category","embeddable":true,"href":"https:\/\/www.europesays.com\/fr\/wp-json\/wp\/v2\/categories?post=372527"},{"taxonomy":"post_tag","embeddable":true,"href":"https:\/\/www.europesays.com\/fr\/wp-json\/wp\/v2\/tags?post=372527"}],"curies":[{"name":"wp","href":"https:\/\/api.w.org\/{rel}","templated":true}]}}