{"id":372529,"date":"2025-09-07T08:07:10","date_gmt":"2025-09-07T08:07:10","guid":{"rendered":"https:\/\/www.europesays.com\/fr\/372529\/"},"modified":"2025-09-07T08:07:10","modified_gmt":"2025-09-07T08:07:10","slug":"transport-education-route-a-quoi-sattendre-le-10-septembre-liberation","status":"publish","type":"post","link":"https:\/\/www.europesays.com\/fr\/372529\/","title":{"rendered":"transport, \u00e9ducation, route\u2026 A quoi s\u2019attendre le 10\u00a0septembre\u00a0? \u2013 Lib\u00e9ration"},"content":{"rendered":"<p class=\"sc-cPiKLX AiZTS text-element\">La France sera-t-elle vraiment bloqu\u00e9e le 10 septembre ? A quelques jours de cette journ\u00e9e de mobilisation annonc\u00e9e depuis plusieurs semaines, difficile de r\u00e9pondre \u00e0 la question. Le mouvement social, <a href=\"https:\/\/www.liberation.fr\/economie\/social\/mouvement-du-10-septembre-comment-la-mobilisation-sorganise-sur-les-reseaux-sociaux-20250905_LKWWQPI2ZRCKDC3MP747EEFILA\/\" target=\"_blank\" rel=\"noreferrer nofollow noopener\" title=\"https:\/\/www.liberation.fr\/economie\/social\/mouvement-du-10-septembre-comment-la-mobilisation-sorganise-sur-les-reseaux-sociaux-20250905_LKWWQPI2ZRCKDC3MP747EEFILA\/\">parti des r\u00e9seaux sociaux<\/a> et donc en dehors des organisations traditionnelles, est \u00abpluriel\u00bb, reconna\u00eet aupr\u00e8s de Lib\u00e9ration Murielle Guilbert, la co-d\u00e9l\u00e9gu\u00e9e g\u00e9n\u00e9rale de l\u2019union syndicale Solidaires, dont l\u2019organisation a appel\u00e9 \u00e0 la gr\u00e8ve mercredi 10 septembre. Ce qui le rend assez peu lisible dans ses revendications \u2013 <a href=\"https:\/\/www.liberation.fr\/economie\/social\/a-la-reunion-de-bloquons-tout-a-la-villette-notre-objectif-principal-cest-lopposition-au-budget-bayrou-20250829_FHSSQFLLDJGLNEP3UIQTOWQUVE\/\" target=\"_blank\" rel=\"noreferrer nofollow noopener\" title=\"https:\/\/www.liberation.fr\/economie\/social\/a-la-reunion-de-bloquons-tout-a-la-villette-notre-objectif-principal-cest-lopposition-au-budget-bayrou-20250829_FHSSQFLLDJGLNEP3UIQTOWQUVE\/\">hostilit\u00e9 au budget Bayrou<\/a>, pouvoir d\u2019achat, demande d\u2019instauration du <a href=\"https:\/\/www.liberation.fr\/france\/2018\/12\/16\/qu-est-ce-que-le-referendum-d-initiative-citoyenne-reclame-par-les-gilets-jaunes_1698263\/\" target=\"_blank\" rel=\"noreferrer nofollow noopener\" title=\"https:\/\/www.liberation.fr\/france\/2018\/12\/16\/qu-est-ce-que-le-referendum-d-initiative-citoyenne-reclame-par-les-gilets-jaunes_1698263\/\">RIC, le r\u00e9f\u00e9rendum d\u2019initiative citoyenne<\/a>, etc. \u2013 comme dans ses possibles actions. <\/p>\n<p class=\"sc-cPiKLX AiZTS text-element\">Si le ministre de l\u2019Int\u00e9rieur, Bruno Retailleau, se dit <a href=\"https:\/\/www.liberation.fr\/societe\/police-justice\/10-septembre-retailleau-ne-croit-pas-a-des-mouvements-dampleur-mais-sattend-a-des-actions-spectaculaires-20250905_RUEDGNLMRJDSTIGHGWYZAWXVZA\/\" target=\"_blank\" rel=\"noreferrer nofollow noopener\" title=\"https:\/\/www.liberation.fr\/societe\/police-justice\/10-septembre-retailleau-ne-croit-pas-a-des-mouvements-dampleur-mais-sattend-a-des-actions-spectaculaires-20250905_RUEDGNLMRJDSTIGHGWYZAWXVZA\/\">persuad\u00e9 qu\u2019il n\u2019y aura \u00abpas de mouvement d\u2019ampleur\u00bb<\/a>, il s\u2019attend quand m\u00eame \u00e0 des \u00abactions spectaculaires\u00bb. Les <a href=\"https:\/\/www.liberation.fr\/politique\/bloquons-tout-le-10-septembre-les-renseignements-territoriaux-anticipent-des-actions-partout-en-france-20250903_2BJEKVF6GRF67G5MMH5OLG3EPU\/\" target=\"_blank\" rel=\"noreferrer nofollow noopener\" title=\"https:\/\/www.liberation.fr\/politique\/bloquons-tout-le-10-septembre-les-renseignements-territoriaux-anticipent-des-actions-partout-en-france-20250903_2BJEKVF6GRF67G5MMH5OLG3EPU\/\">renseignements territoriaux<\/a> reconnaissent \u00e9galement la difficult\u00e9 d\u2019anticiper ce que donnera ce mouvement \u00abhorizontal\u00bb o\u00f9 \u00abchacun fait ce qu\u2019il veut\u00bb dans un contexte de \u00abgrogne et de col\u00e8re\u00bb, dixit une source s\u00e9curitaire cit\u00e9e par l\u2019AFP. \u00abCe que l\u2019on sent, c\u2019est qu\u2019il y a vraiment quelque chose qui monte. Il y a clairement un \u00e9lan sur ce 10 septembre que l\u2019on n\u2019a pas senti depuis des mois en mati\u00e8re de col\u00e8re sociale\u00bb, abonde la syndicaliste.  <\/p>\n<p class=\"sc-cPiKLX AiZTS text-element\">Des secteurs de l\u2019\u00e9nergie \u00e0 l\u2019\u00e9ducation, en passant par les transports et les banques, Lib\u00e9ration fait le point sur ce que l\u2019on sait pour le moment des perturbations \u00e0 attendre. <\/p>\n<p class=\"sc-cPiKLX AiZTS text-element\">La mobilisation s\u2019annonce morcel\u00e9e dans le secteur du rail. Alors que SUD rail, troisi\u00e8me syndicat des cheminots \u00e0 la SNCF, a appel\u00e9 d\u00e8s la mi-ao\u00fbt \u00e0 faire gr\u00e8ve le 10 septembre, les autres se concentrent surtout sur la semaine suivante. La CGT cheminots, l\u2019Unsa ferroviaire et la CFDT cheminots, qui repr\u00e9sentent \u00e0 eux trois 70 % des votes aux derni\u00e8res \u00e9lections professionnelles, ont lanc\u00e9 <a href=\"https:\/\/www.liberation.fr\/economie\/transports\/sncf-trois-syndicats-appellent-a-une-greve-massive-le-jeudi-18-septembre-20250903_7Y37JMVTZJEVJCFCQC7GR7VJ5M\/\" target=\"_blank\" rel=\"noreferrer nofollow noopener\" title=\"https:\/\/www.liberation.fr\/economie\/transports\/sncf-trois-syndicats-appellent-a-une-greve-massive-le-jeudi-18-septembre-20250903_7Y37JMVTZJEVJCFCQC7GR7VJ5M\/\">un appel \u00e0 la gr\u00e8ve le 18 septembre<\/a>\u2026 auquel ne s\u2019est pour l\u2019heure pas joint SUD rail. Seule la CGT cheminots, qui a longtemps tergivers\u00e9, appelle pour le moment \u00e0 faire le doubl\u00e9 \u2013 10 puis 18 septembre. <\/p>\n<p class=\"sc-cPiKLX AiZTS text-element\">Dans le secteur a\u00e9rien, le constat est similaire. Quand le SNCTA, le syndicat majoritaire chez les contr\u00f4leurs, appelle \u00e0 faire gr\u00e8ve le 18 septembre pour un \u00abrattrapage int\u00e9gral de l\u2019inflation\u00bb en mati\u00e8re salariale, SUD a\u00e9rien, qui repr\u00e9sente l\u2019ensemble des personnels du secteur, appelle \u00e0 la gr\u00e8ve et au blocage des a\u00e9roports le 10. Quant au Syndicat national des pilotes de ligne, premi\u00e8re organisation de la profession, il n\u2019a pour l\u2019instant appel\u00e9 \u00e0 participer \u00e0 aucun des deux mouvements. Chez Air France, la CGT pr\u00e9voit un appel \u00e0 la gr\u00e8ve pour le 10 et le 18\u2026 quand FO et la CFDT ne visent que la journ\u00e9e du 18. <\/p>\n<p class=\"sc-cPiKLX AiZTS text-element\">Des m\u00e9tros qui marchent \u00e0 plein r\u00e9gime mais des RER au ralenti ? A quelques jours du 10 septembre, un seul syndicat de la RATP a annonc\u00e9 participer au mouvement social : La Base. Ce syndicat, qui est majoritaire chez les conducteurs de RER, a d\u00e9clar\u00e9 sur <a href=\"https:\/\/www.facebook.com\/photo\/?fbid=1233423688587133&amp;set=a.529995288929980\" target=\"_blank\" rel=\"noreferrer nofollow noopener\" title=\"https:\/\/www.facebook.com\/photo\/?fbid=1233423688587133&amp;set=a.529995288929980\">Facebook<\/a> \u00eatre \u00abcompl\u00e8tement en phase\u00bb avec les revendications du mouvement et a d\u00e9plor\u00e9 le fait que \u00ables centrales syndicales ne soient pas inscrites dans la mobilisation du 10 septembre afin de concentrer l\u2019impact d\u2019une journ\u00e9e morte de gr\u00e8ve g\u00e9n\u00e9rale\u00bb. Sans pour autant annoncer concr\u00e8tement d\u2019\u00e9ventuelles actions. <\/p>\n<p class=\"sc-cPiKLX AiZTS text-element\">Reste que La Base pourrait se retrouver seule mercredi : les quatre principaux syndicats de la r\u00e9gie de transports parisiens (la CGT, FO, Unsa mobilit\u00e9 et la CFE-CGC), ont de leur c\u00f4t\u00e9 <a href=\"https:\/\/www.liberation.fr\/economie\/social\/mobilisation-du-18-septembre-a-la-ratp-aussi-un-appel-a-la-greve-est-depose-20250829_UAIW2ERBTJCWHJIAT7V5I3ATHM\/\" target=\"_blank\" rel=\"noreferrer nofollow noopener\" title=\"https:\/\/www.liberation.fr\/economie\/social\/mobilisation-du-18-septembre-a-la-ratp-aussi-un-appel-a-la-greve-est-depose-20250829_UAIW2ERBTJCWHJIAT7V5I3ATHM\/\">appel\u00e9 \u00e0 la gr\u00e8ve le 18 septembre<\/a>. Contact\u00e9e par Lib\u00e9ration, la RATP ne s\u2019est pour l\u2019heure pas avanc\u00e9e \u00e0 des pr\u00e9dictions sur les perturbations. Elles devraient \u00eatre publi\u00e9es en d\u00e9but de semaine prochaine. <\/p>\n<p class=\"sc-cPiKLX AiZTS text-element\">Difficile de savoir \u00e0 quoi s\u2019attendre sur les routes le 10 septembre. Si les syndicats qui repr\u00e9sentent le personnel autoroutier n\u2019ont pas appel\u00e9 \u00e0 la gr\u00e8ve, plusieurs collectifs, sur les r\u00e9seaux sociaux notamment, ont d\u00e9j\u00e0 \u00e9voqu\u00e9 leur intention de perturber la circulation sur certains grands axes routiers ou lieux strat\u00e9giques. D\u2019apr\u00e8s certains messages post\u00e9s sur les r\u00e9seaux sociaux, des op\u00e9rations <a href=\"https:\/\/www.liberation.fr\/france\/2018\/12\/18\/vinci-renonce-a-faire-payer-les-conducteurs-qui-ont-pu-passer-ses-peages-gratuitement_1698565\/\" target=\"_blank\" rel=\"noreferrer nofollow noopener\" title=\"https:\/\/www.liberation.fr\/france\/2018\/12\/18\/vinci-renonce-a-faire-payer-les-conducteurs-qui-ont-pu-passer-ses-peages-gratuitement_1698565\/\">\u00abp\u00e9ages gratuits\u00bb<\/a> pourraient avoir lieu \u00e0 plusieurs endroits. Contact\u00e9, le groupe Vinci n\u2019a pas donn\u00e9 suite \u00e0 nos sollicitations. <\/p>\n<p class=\"sc-cPiKLX AiZTS text-element\">Des blocages ou des barrages filtrants pourraient \u00eatre install\u00e9s sur certains ronds-points, comme cela avait \u00e9t\u00e9 le cas des gilets jaunes. <a href=\"https:\/\/paris-luttes.info\/10-septembre-porte-par-porte-et-19849\" target=\"_blank\" rel=\"noreferrer nofollow noopener\" title=\"https:\/\/paris-luttes.info\/10-septembre-porte-par-porte-et-19849\">Le p\u00e9riph\u00e9rique de Paris<\/a> semble aussi \u00eatre une cible. \u00abLes blocages, on sait qu\u2019il y en aura. Mais on n\u2019en parle pas trop, pour avoir l\u2019effet de surprise attendu, et parce que tous ne sont pas \u00e0 l\u2019initiative de syndicats\u00bb, explique Murielle Guilbert de Solidaires. <\/p>\n<p class=\"sc-cPiKLX AiZTS text-element\">Les taxis, qui ont pourtant mis un frein \u00e0 leur mouvement entam\u00e9 de longue date, pourraient aussi manifester sous les fen\u00eatres du minist\u00e8re du Travail, dans le VIIe arrondissement de Paris, selon <a href=\"https:\/\/www.lemonde.fr\/economie\/article\/2025\/09\/05\/mouvement-du-10-septembre-cheminots-raffineurs-eboueurs-repondent-en-ordre-disperse-a-l-appel-citoyen-a-tout-bloquer_6638990_3234.html\" target=\"_blank\" rel=\"nofollow noopener\" title=\"https:\/\/www.lemonde.fr\/economie\/article\/2025\/09\/05\/mouvement-du-10-septembre-cheminots-raffineurs-eboueurs-repondent-en-ordre-disperse-a-l-appel-citoyen-a-tout-bloquer_6638990_3234.html\">le Monde<\/a>. <\/p>\n<p class=\"sc-cPiKLX AiZTS text-element\">Bruno Retailleau a d\u00e9j\u00e0 enjoint les pr\u00e9fets \u00e0 mobiliser les forces de l\u2019ordre afin d\u2019emp\u00eacher toute \u00abtentative de blocage des infrastructures essentielles \u00e0 la vie de la Nation\u00bb. <\/p>\n<p class=\"sc-cPiKLX AiZTS text-element\">CGT Mines-Energie, \u00e9lectriciens, gaziers, salari\u00e9s d\u2019EDF, de la chimie\u2026 Dans le secteur de l\u2019\u00e9nergie, les appels \u00e0 la mobilisation le 10 septembre sont nombreux. Plusieurs mobilisations pourraient \u00eatre organis\u00e9es, comme des blocages de raffineries, d\u2019incin\u00e9rateurs ou de d\u00e9p\u00f4ts p\u00e9troliers. Cela pourrait m\u00eame entra\u00eener une baisse de la production \u00e9nerg\u00e9tique du pays. <\/p>\n<p class=\"sc-cPiKLX AiZTS text-element\">La CFE Energies a en revanche refus\u00e9 de participer au mouvement, renvoyant vers le 18 septembre. En cause, selon <a href=\"https:\/\/cfe-energies.com\/rendez-vous-18-septembre-cfe-energies-explique-son-choix\/?utm_source=chatgpt.com\" target=\"_blank\" rel=\"nofollow noopener\">un communiqu\u00e9<\/a> publi\u00e9 le 3 septembre : des revendications qui ne seraient pas assez pr\u00e9cises et un manque de \u00abpropositions claires \u00e0 n\u00e9gocier\u00bb. <\/p>\n<p class=\"sc-cPiKLX AiZTS text-element\">C\u2019est l\u2019une des possibles actions qui revient beaucoup sur les r\u00e9seaux sociaux dans le cadre du 10 septembre : celle de s\u2019en prendre de mani\u00e8re globale \u00e0 l\u2019\u00e9conomie fran\u00e7aise. Beaucoup appellent ainsi \u00e0 faire une \u00abgr\u00e8ve de la carte bleue\u00bb, parfois le temps d\u2019une journ\u00e9e, parfois plus encore, pour mettre la pression sur les banques en leur faisant perdre les commissions pr\u00e9lev\u00e9es \u00e0 chaque paiement. D\u2019autres appellent plus globalement \u00e0 un boycott de la consommation, des magasins aux grandes plateformes d\u2019e-commerce. Ou encore \u00e0 des op\u00e9rations \u00abchariot de courses gratuit\u00bb. Impossible pour l\u2019heure de savoir si ces appels, qui \u00e9chappent \u00e0 toute organisation, seront suivis.<\/p>\n<p class=\"sc-cPiKLX AiZTS text-element\">Des \u00e9tablissements bloqu\u00e9s mercredi ? L\u2019Union syndicale lyc\u00e9enne (USL) a appel\u00e9 au blocus des \u00e9tablissements le 10 septembre et souhaite \u00abconstruire la mobilisation dans la dur\u00e9e\u00bb, d\u00e9non\u00e7ant notamment une politique \u00abdestructrice\u00bb pour l\u2019\u00e9ducation. Le d\u00e9put\u00e9 LFI Louis Boyard, ex-pr\u00e9sident de l\u2019Union nationale lyc\u00e9enne (l\u2019ancien nom de l\u2019USL), souhaite \u00e9galement des blocages dans les lyc\u00e9es et les universit\u00e9s. Rien ne dit toutefois que les \u00e9l\u00e8ves embrayeront, a fortiori dans les facs qui sont encore en p\u00e9riode de pr\u00e9rentr\u00e9e. <\/p>\n<p class=\"sc-cPiKLX AiZTS text-element\">Du c\u00f4t\u00e9 des enseignants, Sud \u00e9ducation, le Snes-FSU et certaines f\u00e9d\u00e9rations du FSU-Snuipp appellent \u00e0 une mobilisation mercredi. Contact\u00e9 jeudi, le minist\u00e8re de l\u2019Education assure n\u2019avoir pour l\u2019heure \u00abpas encore de visibilit\u00e9\u00bb sur l\u2019ampleur de la mobilisation attendue. Les agents de l\u2019administration ont jusqu\u2019\u00e0 quarante-huit heures pour pr\u00e9venir leur hi\u00e9rarchie de leur intention de participer \u00e0 la gr\u00e8ve. Le mouvement pourrait \u00eatre davantage suivi le 18 septembre dans les \u00e9tablissements scolaires. <\/p>\n","protected":false},"excerpt":{"rendered":"La France sera-t-elle vraiment bloqu\u00e9e le 10 septembre ? A quelques jours de cette journ\u00e9e de mobilisation annonc\u00e9e&hellip;\n","protected":false},"author":2,"featured_media":372530,"comment_status":"","ping_status":"","sticky":false,"template":"","format":"standard","meta":{"footnotes":""},"categories":[2],"tags":[11,47212,1011,27,12,9413],"class_list":{"0":"post-372529","1":"post","2":"type-post","3":"status-publish","4":"format-standard","5":"has-post-thumbnail","7":"category-actualites","8":"tag-actualites","9":"tag-bloquons-tout","10":"tag-fr","11":"tag-france","12":"tag-news","13":"tag-syndicalisme"},"share_on_mastodon":{"url":"https:\/\/pubeurope.com\/@fr\/115161992051824016","error":""},"_links":{"self":[{"href":"https:\/\/www.europesays.com\/fr\/wp-json\/wp\/v2\/posts\/372529","targetHints":{"allow":["GET"]}}],"collection":[{"href":"https:\/\/www.europesays.com\/fr\/wp-json\/wp\/v2\/posts"}],"about":[{"href":"https:\/\/www.europesays.com\/fr\/wp-json\/wp\/v2\/types\/post"}],"author":[{"embeddable":true,"href":"https:\/\/www.europesays.com\/fr\/wp-json\/wp\/v2\/users\/2"}],"replies":[{"embeddable":true,"href":"https:\/\/www.europesays.com\/fr\/wp-json\/wp\/v2\/comments?post=372529"}],"version-history":[{"count":0,"href":"https:\/\/www.europesays.com\/fr\/wp-json\/wp\/v2\/posts\/372529\/revisions"}],"wp:featuredmedia":[{"embeddable":true,"href":"https:\/\/www.europesays.com\/fr\/wp-json\/wp\/v2\/media\/372530"}],"wp:attachment":[{"href":"https:\/\/www.europesays.com\/fr\/wp-json\/wp\/v2\/media?parent=372529"}],"wp:term":[{"taxonomy":"category","embeddable":true,"href":"https:\/\/www.europesays.com\/fr\/wp-json\/wp\/v2\/categories?post=372529"},{"taxonomy":"post_tag","embeddable":true,"href":"https:\/\/www.europesays.com\/fr\/wp-json\/wp\/v2\/tags?post=372529"}],"curies":[{"name":"wp","href":"https:\/\/api.w.org\/{rel}","templated":true}]}}