{"id":372531,"date":"2025-09-07T08:08:40","date_gmt":"2025-09-07T08:08:40","guid":{"rendered":"https:\/\/www.europesays.com\/fr\/372531\/"},"modified":"2025-09-07T08:08:40","modified_gmt":"2025-09-07T08:08:40","slug":"saint-etienne-sans-permis-de-conduire-il-zigzague-sur-la-rn88-avec-un-vehicule-vole","status":"publish","type":"post","link":"https:\/\/www.europesays.com\/fr\/372531\/","title":{"rendered":"Saint-Etienne. Sans permis de conduire, il zigzague sur la RN88 avec un v\u00e9hicule vol\u00e9"},"content":{"rendered":"<p>Cet \u00e9quipage de la Brigade anticriminalit\u00e9 a sans doute \u00e9t\u00e9 surpris par le comportement de cet automobiliste qui circulait sur la RN88, en direction du Puy-en-Velay, dans la nuit de mardi au mercredi 3\u00a0septembre.<\/p>\n<p>Peu apr\u00e8s minuit, un homme au volant d\u2019un v\u00e9hicule de marque Mercedes effectue des zigzags sur la route et multiplie les appels de phare.<\/p>\n<p>  Des cl\u00e9s trouv\u00e9es au sol selon l\u2019individu<\/p>\n<p>Une attitude que les policiers d\u00e9cident de ne pas tol\u00e9rer avant de rattraper l\u2019individu et de proc\u00e9der \u00e0 un contr\u00f4le.<\/p>\n<p>Au cours des v\u00e9rifications d\u2019usage, les fonctionnaires vont d\u00e9couvrir que le jeune homme, \u00e2g\u00e9 de 19 ans et habitant \u00e0 Saint-Etienne, n\u2019est pas titulaire du permis de conduire.<\/p>\n<p>De plus, il s\u2019av\u00e8re qu\u2019il n\u2019est pas le titulaire de la carte grise du v\u00e9hicule. \u00ab\u00a0Ce dernier d\u00e9clare avoir trouv\u00e9 les cl\u00e9s de l\u2019automobile par terre pr\u00e8s de son domicile. Et m\u00eame s\u2019il avait identifi\u00e9 le propri\u00e9taire, il a pr\u00e9f\u00e9r\u00e9 faire un tour plut\u00f4t que rendre les cl\u00e9s\u00a0\u00bb, explique une source polici\u00e8re.<\/p>\n<p>L\u2019individu a finalement fait l\u2019objet d\u2019une ordonnance p\u00e9nale d\u00e9lictuelle pour vol et d\u00e9faut de permis de conduire. Le propri\u00e9taire de la voiture ayant quant \u00e0 lui d\u00e9cid\u00e9 de porter plainte.<\/p>\n","protected":false},"excerpt":{"rendered":"Cet \u00e9quipage de la Brigade anticriminalit\u00e9 a sans doute \u00e9t\u00e9 surpris par le comportement de cet automobiliste qui&hellip;\n","protected":false},"author":2,"featured_media":372532,"comment_status":"","ping_status":"","sticky":false,"template":"","format":"standard","meta":{"footnotes":""},"categories":[9653],"tags":[1111,11,2430,271,272,7539,1777,674,274,1011,27,3367,12,25,4001,7538,104],"class_list":{"0":"post-372531","1":"post","2":"type-post","3":"status-publish","4":"format-standard","5":"has-post-thumbnail","7":"category-saint-etienne","8":"tag-actu","9":"tag-actualites","10":"tag-auvergne-rhone-alpes","11":"tag-crime","12":"tag-delit-et-contravention","13":"tag-edition-loire-sud","14":"tag-eu","15":"tag-europe","16":"tag-faits-divers-justice","17":"tag-fr","18":"tag-france","19":"tag-loire","20":"tag-news","21":"tag-republique-francaise","22":"tag-saint-etienne","23":"tag-saint-etienne-ville","24":"tag-societe"},"share_on_mastodon":{"url":"https:\/\/pubeurope.com\/@fr\/115161996034211703","error":""},"_links":{"self":[{"href":"https:\/\/www.europesays.com\/fr\/wp-json\/wp\/v2\/posts\/372531","targetHints":{"allow":["GET"]}}],"collection":[{"href":"https:\/\/www.europesays.com\/fr\/wp-json\/wp\/v2\/posts"}],"about":[{"href":"https:\/\/www.europesays.com\/fr\/wp-json\/wp\/v2\/types\/post"}],"author":[{"embeddable":true,"href":"https:\/\/www.europesays.com\/fr\/wp-json\/wp\/v2\/users\/2"}],"replies":[{"embeddable":true,"href":"https:\/\/www.europesays.com\/fr\/wp-json\/wp\/v2\/comments?post=372531"}],"version-history":[{"count":0,"href":"https:\/\/www.europesays.com\/fr\/wp-json\/wp\/v2\/posts\/372531\/revisions"}],"wp:featuredmedia":[{"embeddable":true,"href":"https:\/\/www.europesays.com\/fr\/wp-json\/wp\/v2\/media\/372532"}],"wp:attachment":[{"href":"https:\/\/www.europesays.com\/fr\/wp-json\/wp\/v2\/media?parent=372531"}],"wp:term":[{"taxonomy":"category","embeddable":true,"href":"https:\/\/www.europesays.com\/fr\/wp-json\/wp\/v2\/categories?post=372531"},{"taxonomy":"post_tag","embeddable":true,"href":"https:\/\/www.europesays.com\/fr\/wp-json\/wp\/v2\/tags?post=372531"}],"curies":[{"name":"wp","href":"https:\/\/api.w.org\/{rel}","templated":true}]}}