{"id":372533,"date":"2025-09-07T08:09:12","date_gmt":"2025-09-07T08:09:12","guid":{"rendered":"https:\/\/www.europesays.com\/fr\/372533\/"},"modified":"2025-09-07T08:09:12","modified_gmt":"2025-09-07T08:09:12","slug":"avant-de-recevoir-lasse-clermont-enregistre-un-depart","status":"publish","type":"post","link":"https:\/\/www.europesays.com\/fr\/372533\/","title":{"rendered":"Avant de recevoir l&rsquo;ASSE, Clermont enregistre un d\u00e9part"},"content":{"rendered":"<p>L&rsquo;AS Saint-\u00c9tienne se d\u00e9placera \u00e0 Clermont le samedi 13 septembre prochain dans le cadre de la cinqui\u00e8me journ\u00e9e du championnat de France de Ligue 2. Avant de recevoir les Verts, les Clermontois ont enregistr\u00e9 un d\u00e9part. \u00a0\u00a0<\/p>\n<p>Si le mercato estival a officiellement ferm\u00e9 ses portes en France ce lundi 1er septembre \u00e0 20 heures, les clubs fran\u00e7ais peuvent encore voir partir certains de leurs \u00e9l\u00e9ments dans des championnats dont le march\u00e9 des transferts est encore ouvert. \u00c7a a notamment \u00e9t\u00e9 le cas de l&rsquo;AS Saint-\u00c9tienne cette semaine avec le d\u00e9part de Benjamin Bouchouari pour Trabzonspor contre un ch\u00e8que de quatre millions d&rsquo;euros en plus d&rsquo;un million d&rsquo;euros de bonus.\u00a0<\/p>\n<p>Le prochain adversaire des Verts en Ligue 2, le Clermont Foot 63, se montre lui aussi actif dans le sens des d\u00e9parts. Le jeune attaquant <strong>Mohamed Amine Bouchenna<\/strong>, form\u00e9 au club, a prolong\u00e9 son contrat jusqu&rsquo;en 2027 avec le club auvergnat avant d&rsquo;\u00eatre pr\u00eat\u00e9 au SC Austria Lustenau (D2 autrichienne), club partenaire du CF63, comme l&rsquo;a annonc\u00e9 Clermont sur son <a href=\"https:\/\/www.clermontfoot.com\/mohamed-amine-bouchenna-prolonge-son-contrat-et-rejoint-lustenau-en-pret\/\" rel=\"noopener noreferrer nofollow\" target=\"_blank\">site officiel<\/a> : \u00ab\u00a0MOHAMED-AMINE BOUCHENNA PROLONGE SON CONTRAT ET REJOINT LUSTENAU EN PR\u00caT. Le Clermont Foot 63 est heureux d\u2019annoncer la prolongation de contrat de Mohamed Amine Bouchenna. Le jeune attaquant, form\u00e9 au club, est d\u00e9sormais Rouge &amp; Bleu jusqu\u2019en juin 2027.Dans la foul\u00e9e de cette prolongation, Amine est pr\u00eat\u00e9 au SC Austria Lustenau (D2 autrichienne), club partenaire du CF63, pour la saison \u00e0 venir. Cette exp\u00e9rience en deuxi\u00e8me division autrichienne doit permettre au joueur de poursuivre sa progression en engrangeant du temps de jeu et de l\u2019exp\u00e9rience dans un championnat comp\u00e9titif. Le Clermont Foot se f\u00e9licite de conserver Mohamed-Amine Bouchenna dans la dur\u00e9e et lui souhaite pleine r\u00e9ussite dans ce nouveau d\u00e9fi en Autriche.\u00a0\u00bb<\/p>\n<blockquote class=\"twitter-tweet\">\n<p dir=\"ltr\" lang=\"fr\">\u270d\ufe0f \ud835\udc0c\ud835\udc1e\ud835\udc2b\ud835\udc1c\ud835\udc1a\ud835\udc2d\ud835\udc28 \ud835\udc02\ud835\udc05\ud835\udfd4\ud835\udfd1<\/p>\n<p>Mohamed-Amine Bouchenna prolonge son contrat et rejoint l&rsquo;<a href=\"https:\/\/twitter.com\/AustriaLustenau?ref_src=twsrc%5Etfw\" rel=\"nofollow noopener\" target=\"_blank\">@AustriaLustenau<\/a> en pr\u00eat.<\/p>\n<p>\ud83e\udd1d Bonne saison Amine ! \ud83d\udd34\ud83d\udd35<a href=\"https:\/\/t.co\/A3wKjV5XTV\" rel=\"nofollow\">https:\/\/t.co\/A3wKjV5XTV<\/a><\/p>\n<p>\u2014 Clermont Foot 63 (@ClermontFoot) <a href=\"https:\/\/twitter.com\/ClermontFoot\/status\/1963958996252930109?ref_src=twsrc%5Etfw\" rel=\"nofollow noopener\" target=\"_blank\">September 5, 2025<\/a><\/p><\/blockquote>\n<p>                  <a href=\"https:\/\/media.unibet.fr\/redirect.aspx?pid=274690&amp;bid=4442\" rel=\"nofollow noopener\" target=\"_blank\"><img decoding=\"async\" src=\"https:\/\/www.europesays.com\/fr\/wp-content\/uploads\/2025\/06\/EVECT10_560x100_V2.gif\" class=\"img-fluid\" alt=\"Pariez sur l'ASSE avec Unibet\" style=\"max-width: auto !important;margin-left: 0 !important;width: 100%;\"\/><\/a><\/p>\n<p>                         <script async src=\"https:\/\/platform.twitter.com\/widgets.js\" charset=\"utf-8\"><\/script><\/p>\n","protected":false},"excerpt":{"rendered":"L&rsquo;AS Saint-\u00c9tienne se d\u00e9placera \u00e0 Clermont le samedi 13 septembre prochain dans le cadre de la cinqui\u00e8me journ\u00e9e&hellip;\n","protected":false},"author":2,"featured_media":356053,"comment_status":"","ping_status":"","sticky":false,"template":"","format":"standard","meta":{"footnotes":""},"categories":[9653],"tags":[1111,11,2430,1777,674,1011,27,12,25,4001],"class_list":{"0":"post-372533","1":"post","2":"type-post","3":"status-publish","4":"format-standard","5":"has-post-thumbnail","7":"category-saint-etienne","8":"tag-actu","9":"tag-actualites","10":"tag-auvergne-rhone-alpes","11":"tag-eu","12":"tag-europe","13":"tag-fr","14":"tag-france","15":"tag-news","16":"tag-republique-francaise","17":"tag-saint-etienne"},"share_on_mastodon":{"url":"https:\/\/pubeurope.com\/@fr\/115161999899819229","error":""},"_links":{"self":[{"href":"https:\/\/www.europesays.com\/fr\/wp-json\/wp\/v2\/posts\/372533","targetHints":{"allow":["GET"]}}],"collection":[{"href":"https:\/\/www.europesays.com\/fr\/wp-json\/wp\/v2\/posts"}],"about":[{"href":"https:\/\/www.europesays.com\/fr\/wp-json\/wp\/v2\/types\/post"}],"author":[{"embeddable":true,"href":"https:\/\/www.europesays.com\/fr\/wp-json\/wp\/v2\/users\/2"}],"replies":[{"embeddable":true,"href":"https:\/\/www.europesays.com\/fr\/wp-json\/wp\/v2\/comments?post=372533"}],"version-history":[{"count":0,"href":"https:\/\/www.europesays.com\/fr\/wp-json\/wp\/v2\/posts\/372533\/revisions"}],"wp:featuredmedia":[{"embeddable":true,"href":"https:\/\/www.europesays.com\/fr\/wp-json\/wp\/v2\/media\/356053"}],"wp:attachment":[{"href":"https:\/\/www.europesays.com\/fr\/wp-json\/wp\/v2\/media?parent=372533"}],"wp:term":[{"taxonomy":"category","embeddable":true,"href":"https:\/\/www.europesays.com\/fr\/wp-json\/wp\/v2\/categories?post=372533"},{"taxonomy":"post_tag","embeddable":true,"href":"https:\/\/www.europesays.com\/fr\/wp-json\/wp\/v2\/tags?post=372533"}],"curies":[{"name":"wp","href":"https:\/\/api.w.org\/{rel}","templated":true}]}}