{"id":372535,"date":"2025-09-07T08:13:10","date_gmt":"2025-09-07T08:13:10","guid":{"rendered":"https:\/\/www.europesays.com\/fr\/372535\/"},"modified":"2025-09-07T08:13:10","modified_gmt":"2025-09-07T08:13:10","slug":"ce-varois-recupere-des-tonneaux-de-vin-pour-en-faire-des-spas-individuels","status":"publish","type":"post","link":"https:\/\/www.europesays.com\/fr\/372535\/","title":{"rendered":"Ce Varois r\u00e9cup\u00e8re des tonneaux de vin pour en faire&#8230; des spas individuels"},"content":{"rendered":"<p>Ludovic Rolland est un Toulonnais qui entreprend. Et c\u2019est \u00e0 la faveur d\u2019un voyage dans les pays nordiques qu\u2019il a ramen\u00e9 une id\u00e9e lumineuse: recycler des tonneaux de vins pour leur donner une nouvelle destination.<\/p>\n<p>\u00ab\u00a0J\u2019\u00e9tais parti en voyage l\u00e0-bas et l\u2019une de leurs traditions consiste \u00e0 se plonger dans des tonneaux remplis d\u2019eau chaude ou tr\u00e8s froide pour relaxer le corps. C\u2019est tr\u00e8s efficace\u00a0\u00bb, explique-t-il.<\/p>\n<p>Il s\u2019est donc naturellement tourn\u00e9 vers les domaines de vin du Var: \u00ab\u00a0Domaine de La Navicelle, Ch\u00e2teau St-Maur, vignoble \u00e0 Pierrefeu&#8230; Plusieurs d\u2019entre eux m\u2019ont confi\u00e9 leurs barriques que j\u2019adapte. Et j\u2019ai cr\u00e9\u00e9 ma soci\u00e9t\u00e9 \u00e0 Toulon pour cela: Sa0na. Les tonneaux, d\u2019une contenance de 500 \u00e0 600 litres, peuvent supporter facilement une eau de 3\u00b0 \u00e0 40\u00b0.\u00a0\u00bb<\/p>\n<p>Du tr\u00e8s froid au tr\u00e8s chaud<\/p>\n<p>R\u00e9cup\u00e9ration sportive, relaxation, bien-\u00eatre&#8230; Mettre son corps dans de l\u2019eau tr\u00e8s froide ou tr\u00e8s chaude (selon la saison) est connu pour apporter de multiples bienfaits.<\/p>\n<p>\u00ab\u00a0Le froid permet une meilleure r\u00e9cup\u00e9ration musculaire pour les sportifs, r\u00e9duit les inflammations&#8230; Le chaud favorise la d\u00e9tente des membres, le rel\u00e2chement g\u00e9n\u00e9ral et fait du bien \u00e0 la t\u00eate\u00a0\u00bb, ajoute Ludovic qui, pour adapter ses tonneaux \u00e0 cette nouvelle utilisation, travaille avec les salari\u00e9s des ateliers de charpenterie de marine \u00e0 Saint-Mandrier. <\/p>\n<p>\u00ab\u00a0Ce sont eux qui maintiennent la tradition des pointus aujourd\u2019hui. Ce sont des vrais techniciens qui d\u00e9fendent des traditions ancestrales avec modernit\u00e9.\u00a0\u00bb<\/p>\n<p>Chaque tonneau est vendu \u00e0 partir de 3.900 euros pour le grand public. Pour les professionnels du tourisme, l\u2019installation de tonneaux-spas peut \u00e9galement \u00eatre une opportunit\u00e9.<\/p>\n<p>\u00ab\u00a0Pour les h\u00f4tels ou les g\u00eetes, c\u2019est id\u00e9al. C\u2019est une nouveaut\u00e9 \u00e9colo car nous une utilisation une utilisation raisonn\u00e9e de l\u2019eau. Cela fait rimer \u00e9cologie avec \u00e9conomie.\u00a0\u00bb<\/p>\n<p>\u00ab\u00a0Le corps s\u2019y habitue tr\u00e8s vite\u00a0\u00bb<\/p>\n<p>\u00ab\u00a0\u00c7a fait bizarre au d\u00e9but mais le corps s\u2019y habitue vite. Apr\u00e8s, on ne veut plus quitter le tonneau!\u00a0\u00bb, confie un triathl\u00e8te, venu participer \u00e0 la Swin and Race de Toulon le week-end dernier. <\/p>\n<p>\u00ab\u00a0Pour moi, le d\u00e9clic s\u2019est produit \u00e0 Seignosse, dans les Landes, quand j\u2019ai rencontr\u00e9 Johanne Defay, une grande championne de surf, qui a ador\u00e9 le concept. Je savais alors que je tenais une super id\u00e9e\u00a0\u00bb, compl\u00e8te Ludovic, qui mise sur les futurs Jeux olympiques d\u2019hiver.<\/p>\n<p>Pour \u00e9quiper le futur village des athl\u00e8tes? C\u2019est tout le mal qu\u2019on lui souhaite.<\/p>\n<p>&gt;&gt; Contact: <a href=\"http:\/\/www.sa0na.com\" target=\"_blank\" rel=\"noopener\">www.sa0na.com<\/a><\/p>\n","protected":false},"excerpt":{"rendered":"Ludovic Rolland est un Toulonnais qui entreprend. Et c\u2019est \u00e0 la faveur d\u2019un voyage dans les pays nordiques&hellip;\n","protected":false},"author":2,"featured_media":372536,"comment_status":"","ping_status":"","sticky":false,"template":"","format":"standard","meta":{"footnotes":""},"categories":[9619],"tags":[1111,11,1777,674,1011,27,12,882,25,2310,3366],"class_list":{"0":"post-372535","1":"post","2":"type-post","3":"status-publish","4":"format-standard","5":"has-post-thumbnail","7":"category-toulon","8":"tag-actu","9":"tag-actualites","10":"tag-eu","11":"tag-europe","12":"tag-fr","13":"tag-france","14":"tag-news","15":"tag-provence-alpes-cote-dazur","16":"tag-republique-francaise","17":"tag-toulon","18":"tag-vie-locale"},"share_on_mastodon":{"url":"https:\/\/pubeurope.com\/@fr\/115162015734870929","error":""},"_links":{"self":[{"href":"https:\/\/www.europesays.com\/fr\/wp-json\/wp\/v2\/posts\/372535","targetHints":{"allow":["GET"]}}],"collection":[{"href":"https:\/\/www.europesays.com\/fr\/wp-json\/wp\/v2\/posts"}],"about":[{"href":"https:\/\/www.europesays.com\/fr\/wp-json\/wp\/v2\/types\/post"}],"author":[{"embeddable":true,"href":"https:\/\/www.europesays.com\/fr\/wp-json\/wp\/v2\/users\/2"}],"replies":[{"embeddable":true,"href":"https:\/\/www.europesays.com\/fr\/wp-json\/wp\/v2\/comments?post=372535"}],"version-history":[{"count":0,"href":"https:\/\/www.europesays.com\/fr\/wp-json\/wp\/v2\/posts\/372535\/revisions"}],"wp:featuredmedia":[{"embeddable":true,"href":"https:\/\/www.europesays.com\/fr\/wp-json\/wp\/v2\/media\/372536"}],"wp:attachment":[{"href":"https:\/\/www.europesays.com\/fr\/wp-json\/wp\/v2\/media?parent=372535"}],"wp:term":[{"taxonomy":"category","embeddable":true,"href":"https:\/\/www.europesays.com\/fr\/wp-json\/wp\/v2\/categories?post=372535"},{"taxonomy":"post_tag","embeddable":true,"href":"https:\/\/www.europesays.com\/fr\/wp-json\/wp\/v2\/tags?post=372535"}],"curies":[{"name":"wp","href":"https:\/\/api.w.org\/{rel}","templated":true}]}}