{"id":372539,"date":"2025-09-07T08:15:12","date_gmt":"2025-09-07T08:15:12","guid":{"rendered":"https:\/\/www.europesays.com\/fr\/372539\/"},"modified":"2025-09-07T08:15:12","modified_gmt":"2025-09-07T08:15:12","slug":"le-dessin-de-man-la-cite-bergere-sera-t-elle-amputee-le-croquis-de-la-semaine-a-montpellier","status":"publish","type":"post","link":"https:\/\/www.europesays.com\/fr\/372539\/","title":{"rendered":"LE DESSIN DE MAN. La Cit\u00e9 Berg\u00e8re sera-t-elle amput\u00e9e\u00a0? Le croquis de la semaine \u00e0 Montpellier"},"content":{"rendered":"<p>\n                                                                Man, dessinateur de presse, croque l\u2019actualit\u00e9 montpelli\u00e9raine chaque semaine dans Midi Libre. Ce dimanche, retrouvez son dessin sur la pol\u00e9mique autour du d\u00e9p\u00f4t d\u2019un permis de construire \u00e0 la Cit\u00e9 Berg\u00e8re.\n                            <\/p>\n<p>23\u00a0771 signatures\u00a0! C\u2019est ce qu\u2019a recueilli la p\u00e9tition \u00ab\u00a0Des l\u00e9gumes ou du bitume\u00a0?\u00a0\u00bb, sur internet (change.org).<\/p>\n<p>La Cit\u00e9 Berg\u00e8re, \u00e9tablie depuis 1958 sur 5\u00a0000\u00a0m2, avenue Saint-Lazare, aux Beaux-Arts, est en effet menac\u00e9e par un projet urbanistique.<\/p>\n<p>\u00ab\u00a0Deux immeubles de plus de 15\u00a0m de haut\u00a0\u00bb<\/p>\n<p>\u00ab\u00a0Un permis de construire a \u00e9t\u00e9 d\u00e9pos\u00e9 le 6\u00a0ao\u00fbt par la mairie de Montpellier\u00a0\u00bb pour \u00ab\u00a0deux immeubles de plus de 15\u00a0m\u00e8tres de hauteur\u00a0\u00bb, sur une partie de cette parcelle mara\u00eech\u00e8re.<\/p>\n<p>\u00ab\u00a0Si on voulait conserver la propri\u00e9t\u00e9, on \u00e9tait oblig\u00e9 de c\u00e9der un morceau\u00a0\u00bb, a t\u00e9moign\u00e9 l\u2019exploitant, Philippe Colomina.<\/p>\n","protected":false},"excerpt":{"rendered":"Man, dessinateur de presse, croque l\u2019actualit\u00e9 montpelli\u00e9raine chaque semaine dans Midi Libre. Ce dimanche, retrouvez son dessin sur&hellip;\n","protected":false},"author":2,"featured_media":372540,"comment_status":"","ping_status":"","sticky":false,"template":"","format":"standard","meta":{"footnotes":""},"categories":[9599],"tags":[1111,11,1777,674,1011,27,2208,12,2680,25],"class_list":{"0":"post-372539","1":"post","2":"type-post","3":"status-publish","4":"format-standard","5":"has-post-thumbnail","7":"category-montpellier","8":"tag-actu","9":"tag-actualites","10":"tag-eu","11":"tag-europe","12":"tag-fr","13":"tag-france","14":"tag-montpellier","15":"tag-news","16":"tag-occitanie","17":"tag-republique-francaise"},"share_on_mastodon":{"url":"https:\/\/pubeurope.com\/@fr\/115162023444021063","error":""},"_links":{"self":[{"href":"https:\/\/www.europesays.com\/fr\/wp-json\/wp\/v2\/posts\/372539","targetHints":{"allow":["GET"]}}],"collection":[{"href":"https:\/\/www.europesays.com\/fr\/wp-json\/wp\/v2\/posts"}],"about":[{"href":"https:\/\/www.europesays.com\/fr\/wp-json\/wp\/v2\/types\/post"}],"author":[{"embeddable":true,"href":"https:\/\/www.europesays.com\/fr\/wp-json\/wp\/v2\/users\/2"}],"replies":[{"embeddable":true,"href":"https:\/\/www.europesays.com\/fr\/wp-json\/wp\/v2\/comments?post=372539"}],"version-history":[{"count":0,"href":"https:\/\/www.europesays.com\/fr\/wp-json\/wp\/v2\/posts\/372539\/revisions"}],"wp:featuredmedia":[{"embeddable":true,"href":"https:\/\/www.europesays.com\/fr\/wp-json\/wp\/v2\/media\/372540"}],"wp:attachment":[{"href":"https:\/\/www.europesays.com\/fr\/wp-json\/wp\/v2\/media?parent=372539"}],"wp:term":[{"taxonomy":"category","embeddable":true,"href":"https:\/\/www.europesays.com\/fr\/wp-json\/wp\/v2\/categories?post=372539"},{"taxonomy":"post_tag","embeddable":true,"href":"https:\/\/www.europesays.com\/fr\/wp-json\/wp\/v2\/tags?post=372539"}],"curies":[{"name":"wp","href":"https:\/\/api.w.org\/{rel}","templated":true}]}}