{"id":372541,"date":"2025-09-07T08:16:22","date_gmt":"2025-09-07T08:16:22","guid":{"rendered":"https:\/\/www.europesays.com\/fr\/372541\/"},"modified":"2025-09-07T08:16:22","modified_gmt":"2025-09-07T08:16:22","slug":"quelles-sont-ces-droles-de-brosses-installees-dans-les-enclos","status":"publish","type":"post","link":"https:\/\/www.europesays.com\/fr\/372541\/","title":{"rendered":"quelles sont ces dr\u00f4les de brosses install\u00e9es dans les enclos\u00a0?"},"content":{"rendered":"<p>            Par<br \/>\n        <strong><br \/>\n            <a href=\"https:\/\/actu.fr\/auteur\/manon-haddouche\" title=\"Consulter tous les articles de Manon Haddouche\" target=\"_blank\" rel=\"noopener\">Manon Haddouche<\/a><br \/>\n        <\/strong><\/p>\n<p>        Publi\u00e9 le<\/p>\n<p>            7 sept. 2025 \u00e0 9h29        <\/p>\n<p>Au<strong> Zoo de Montpellier<\/strong>, les \u00e9quipes veillent en permanence au<strong> bien-\u00eatre des animaux<\/strong>. Pour stimuler leurs sens et am\u00e9liorer leur confort, le parc a mis en place <strong>de nouvelles installations<\/strong> dans plusieurs enclos. Un travail conjoint des services techniques et animaliers, qui ont collabor\u00e9 pour offrir aux pensionnaires <strong>des brosses adapt\u00e9es \u00e0 chaque esp\u00e8ce<\/strong>.\u00a0<\/p>\n<p>Des installations sur-mesure<\/p>\n<p class=\" wall-content\">Les soigneurs ont imagin\u00e9 le type et la taille des brosses selon les besoins sp\u00e9cifiques des animaux dont ils ont la charge. Les serruriers-m\u00e9talliers ont ensuite fabriqu\u00e9 et install\u00e9 les supports directement dans les enclos. Ces brosses permettent aux animaux de <strong>se frotter pour se d\u00e9barrasser des parasites<\/strong>, poils morts, cro\u00fbtes ou poussi\u00e8re, contribuant ainsi \u00e0 une <strong>meilleure hygi\u00e8ne de la peau<\/strong>.<\/p>\n<p>Un enrichissement sensoriel et ludique<\/p>\n<p class=\" wall-content\">Au-del\u00e0 de l\u2019hygi\u00e8ne, ces brosses apportent un v\u00e9ritable enrichissement. Elles<strong> stimulent les sens des animaux<\/strong>, favorisent les<strong> interactions et le jeu<\/strong>, et peuvent m\u00eame <strong>r\u00e9duire le stress<\/strong>. Sans oublier le confort simple et imm\u00e9diat : <strong>se gratter<\/strong> lorsqu\u2019une d\u00e9mangeaison se fait sentir !<\/p>\n<p>    <a href=\"https:\/\/www.google.com\/maps\/embed?pb=!1m18!1m12!1m3!1d2616.7159413312397!2d3.8692343447520496!3d43.63962300745292!2m3!1f0!2f0!3f0!3m2!1i1024!2i768!4f13.1!3m3!1m2!1s0x12b6af2f82d34b21%3A0x40fd8b55e8f6118d!2sZoo%20de%20Montpellier!5e1!3m2!1sfr!2sfr!4v1756898182810!5m2!1sfr!2sfr\" title=\"Ouvrie le lien\" target=\"_blank\" rel=\"noopener\">Cliquez ici pour visualiser le contenu<\/a><\/p>\n<p>    <img   decoding=\"async\" loading=\"lazy\" src=\"https:\/\/www.europesays.com\/fr\/wp-content\/uploads\/2025\/09\/zoo-de-montpellier-1-960x640.jpeg\" alt=\"Du sur-mesure pour les animaux .\" width=\"960\" height=\"640\"\/><br \/>\n    Du sur-mesure pour les animaux . (\u00a9DR \/ Zoo de Montpellier)Vid\u00e9os : en ce moment sur ActuUn v\u00e9ritable r\u00f4le pour la biodiversit\u00e9<\/p>\n<p class=\" wall-content\">S\u2019il est agr\u00e9able, gratuit et embl\u00e9matique \u00e0 Montpellier, le zoo ne se limite pas \u00e0 l\u2019observation des animaux. Il contribue activement et tout au long de l\u2019ann\u00e9e \u00e0 la <strong>conservation des esp\u00e8ces menac\u00e9es<\/strong>, soutient des <strong>actions sur le terrain<\/strong>, <strong>sensibilise le public<\/strong> aux enjeux environnementaux et participe \u00e0 des <strong>projets de recherche<\/strong> sur la biologie animale. Une partie du travail parfois m\u00e9connue, mais qui gagne \u00e0 \u00eatre expos\u00e9e.\u00a0<\/p>\n<p class=\" wall-content\">Personnalisez votre actualit\u00e9 en ajoutant vos villes et m\u00e9dias en favori avec <a href=\"https:\/\/moncompte.actu.fr\" title=\"D\u00e9couvez Mon Actu\" rel=\"nofollow noopener\" data-trk=\"{&quot;cta&quot;:{&quot;action&quot;:&quot;https:\\\/\\\/moncompte.actu.fr&quot;,&quot;category&quot;:&quot;mon compte&quot;,&quot;from&quot;:&quot;article footer&quot;,&quot;name&quot;:&quot;Mon actu&quot;,&quot;type&quot;:&quot;cta&quot;}}\" target=\"_blank\">Mon Actu<\/a>.<\/p>\n","protected":false},"excerpt":{"rendered":"Par Manon Haddouche Publi\u00e9 le 7 sept. 2025 \u00e0 9h29 Au Zoo de Montpellier, les \u00e9quipes veillent en&hellip;\n","protected":false},"author":2,"featured_media":372542,"comment_status":"","ping_status":"","sticky":false,"template":"","format":"standard","meta":{"footnotes":""},"categories":[9599],"tags":[1111,11,1777,674,1011,27,2208,12,2680,52,25],"class_list":{"0":"post-372541","1":"post","2":"type-post","3":"status-publish","4":"format-standard","5":"has-post-thumbnail","7":"category-montpellier","8":"tag-actu","9":"tag-actualites","10":"tag-eu","11":"tag-europe","12":"tag-fr","13":"tag-france","14":"tag-montpellier","15":"tag-news","16":"tag-occitanie","17":"tag-planete","18":"tag-republique-francaise"},"share_on_mastodon":{"url":"https:\/\/pubeurope.com\/@fr\/115162027369862046","error":""},"_links":{"self":[{"href":"https:\/\/www.europesays.com\/fr\/wp-json\/wp\/v2\/posts\/372541","targetHints":{"allow":["GET"]}}],"collection":[{"href":"https:\/\/www.europesays.com\/fr\/wp-json\/wp\/v2\/posts"}],"about":[{"href":"https:\/\/www.europesays.com\/fr\/wp-json\/wp\/v2\/types\/post"}],"author":[{"embeddable":true,"href":"https:\/\/www.europesays.com\/fr\/wp-json\/wp\/v2\/users\/2"}],"replies":[{"embeddable":true,"href":"https:\/\/www.europesays.com\/fr\/wp-json\/wp\/v2\/comments?post=372541"}],"version-history":[{"count":0,"href":"https:\/\/www.europesays.com\/fr\/wp-json\/wp\/v2\/posts\/372541\/revisions"}],"wp:featuredmedia":[{"embeddable":true,"href":"https:\/\/www.europesays.com\/fr\/wp-json\/wp\/v2\/media\/372542"}],"wp:attachment":[{"href":"https:\/\/www.europesays.com\/fr\/wp-json\/wp\/v2\/media?parent=372541"}],"wp:term":[{"taxonomy":"category","embeddable":true,"href":"https:\/\/www.europesays.com\/fr\/wp-json\/wp\/v2\/categories?post=372541"},{"taxonomy":"post_tag","embeddable":true,"href":"https:\/\/www.europesays.com\/fr\/wp-json\/wp\/v2\/tags?post=372541"}],"curies":[{"name":"wp","href":"https:\/\/api.w.org\/{rel}","templated":true}]}}