{"id":372543,"date":"2025-09-07T08:18:27","date_gmt":"2025-09-07T08:18:27","guid":{"rendered":"https:\/\/www.europesays.com\/fr\/372543\/"},"modified":"2025-09-07T08:18:27","modified_gmt":"2025-09-07T08:18:27","slug":"on-connait-enfin-la-date-de-debut-des-travaux","status":"publish","type":"post","link":"https:\/\/www.europesays.com\/fr\/372543\/","title":{"rendered":"on conna\u00eet (enfin) la date de d\u00e9but des travaux"},"content":{"rendered":"<p>            Par<br \/>\n        <strong><br \/>\n            <a href=\"https:\/\/actu.fr\/auteur\/isabellevilly\" title=\"Consulter tous les articles de Isabelle Villy\" target=\"_blank\" rel=\"noopener\">Isabelle Villy<\/a><br \/>\n        <\/strong><\/p>\n<p>        Publi\u00e9 le<\/p>\n<p>            6 sept. 2025 \u00e0 17h34        <\/p>\n<p>Le projet de construction d\u2019<strong>un nouvel EHPAD \u00e0 Buchy<\/strong> fait partie des projets enclench\u00e9s il y a d\u00e9j\u00e0 de <a href=\"https:\/\/actu.fr\/normandie\/buchy_76146\/reflexion-engagee-lavenir-maison-retraite-buchy-seine-maritime_20774608.html\" target=\"_blank\" rel=\"noopener\">nombreuses ann\u00e9es<\/a>. Mais comme tous les projets d\u2019envergure, il faut du temps pour mener \u00e0 bien chaque \u00e9tape. Cette fois, les choses se pr\u00e9cisent : le permis de construire accord\u00e9, les march\u00e9s devaient \u00eatre lanc\u00e9s tr\u00e8s prochainement. Mais pas que.<\/p>\n<p>Un \u00e9quipement v\u00e9tuste qui ne r\u00e9pond plus aux normes<\/p>\n<p class=\" wall-content\">Une date de d\u00e9but des travaux a \u00e9t\u00e9 annonc\u00e9e : ce sera en mai 2026.\u00a0<\/p>\n<p class=\" wall-content\">Construite dans les ann\u00e9es 1990, l\u2019actuelle maison de retraite Gilles Martin montre <strong>de nombreux signes de v\u00e9tust\u00e9<\/strong> et ne r\u00e9pond plus aux normes en vigueur : les r\u00e9sidents sont parfois encore en chambres doubles, certaines chambres n\u2019ont pas de douche, obligeant les occupants \u00e0 utiliser un espace commun sur le palier, <strong>un seul ascenseur<\/strong> est disponible avec des pannes fr\u00e9quentes qui posent de r\u00e9els probl\u00e8mes pour le d\u00e9placement des personnes \u00e2g\u00e9es et du personne soignant\u2026 bref, l\u2019\u00e9quipement ne r\u00e9pond plus aux exigences en vigueur. Autant de constats qui ont amen\u00e9 les d\u00e9cideurs \u00e0 opter pour la <strong>construction d\u2019un \u00e9tablissement neuf<\/strong> et d\u2019une capacit\u00e9 d\u2019accueil plus grande.<\/p>\n<p>Passage de 50 \u00e0 80 lits avec une unit\u00e9 Alzheimer s\u00e9curis\u00e9e<\/p>\n<p class=\" wall-content\">De cinquante lits actuellement, le futur EHPAD va passer \u00e0 80 lits, dont une <strong>unit\u00e9 Alzheimer<\/strong> s\u00e9curis\u00e9e de deux fois douze places, pour r\u00e9pondre aux besoins de plus en plus importants li\u00e9s \u00e0 cette pathologie.<\/p>\n<blockquote class=\"ac-article-quote wall-content\">\n<p>Le nouvel EHPAD comprendra un salon esth\u00e9tique pour accueillir simultan\u00e9ment deux coiffeurs, plusieurs salles d&rsquo;animation, une salle de kin\u00e9sith\u00e9rapie de 45\u00a0m2 : il n&rsquo;en existe pas aujourd&rsquo;hui dans l&rsquo;actuelle structure.<\/p>\n<p>    <strong> Jo\u00ebl Lefebvre<\/strong><br \/>\n        maire de Buchy     <\/p><\/blockquote>\n<p class=\" wall-content\">Salle \u00e0 manger, salle bien-\u00eatre et bien \u00e9videmment tous les espaces n\u00e9cessaires aux cadres et personnels de sant\u00e9\u2026 la vie va changer pour les r\u00e9sidents, mais aussi pour tous ceux qui \u00e9voluent au sein de l\u2019\u00e9tablissement : tout va \u00eatre fait pour assurer une prise en charge efficace, avec du confort et des espaces pens\u00e9s pour \u00eatre fonctionnels.<\/p>\n<p>Un studio de r\u00e9pit<\/p>\n<p class=\" wall-content\">Le futur \u00e9tablissement pr\u00e9voir par ailleurs \u00ab <strong>un studio de r\u00e9pit<\/strong> \u00bb, chambre d\u2019accueil pour les familles qui auraient besoin de passer une, ou quelques nuits sur place. Un service qui devrait assur\u00e9ment \u00eatre appr\u00e9ci\u00e9 par les proches.<\/p>\n<p>Votre r\u00e9gion, votre actu !<\/p>\n<p>Recevez chaque jour les infos qui comptent pour vous.<\/p>\n<p>\t<a href=\"https:\/\/actu.fr\/newsletter\" class=\"ac-btn ac-btn--corner ac-btn--medium ac-btn--blue800\" target=\"_blank\" rel=\"noopener\">S&rsquo;incrire<\/a><\/p>\n<p>    <img   decoding=\"async\" loading=\"lazy\" class=\"size-large\" src=\"https:\/\/www.europesays.com\/fr\/wp-content\/uploads\/2025\/09\/b90558ca1ca86bd0558ca1ca8b1155v-768x640.jpg\" alt=\"Buchy maison  retraite\" width=\"768\" height=\"640\"\/><br \/>\n    L\u2019actuelle maison de retraite sera d\u00e9truite, au terme du chantier du nouvel EHPAD.\u00a0 \u00a9Isabelle VILLY<\/p>\n<p class=\" wall-content\">\u00c0 noter qu\u2019une blanchisserie centrale sera \u00e9galement am\u00e9nag\u00e9e sur le site : \u00ab actuellement, la lingerie se fait dans l\u2019\u00e9tablissement de La Feuillie, ce sera l\u2019inverse avec le nouvel EHPAD \u00bb, confirme le maire.<\/p>\n<p>Vingt-quatre mois de chantier<\/p>\n<p class=\" wall-content\">Le chantier est pr\u00e9vu pour durer vingt-quatre mois, auxquels il faudra ajouter six mois suppl\u00e9mentaires pour la destruction de l\u2019actuel b\u00e2timent. \u00c0 l\u2019ext\u00e9rieur, des <strong>jardins potagers seront am\u00e9nag\u00e9s<\/strong>, le jardin sera v\u00e9g\u00e9talis\u00e9 et les unit\u00e9s s\u00e9curis\u00e9es disposeront, elles aussi, de leurs cours ou patios. \u00ab Cette nouvelle construction va remettre de <strong>la v\u00e9g\u00e9talisation<\/strong> dans le centre de Buchy et des cheminements vont \u00eatre r\u00e9alis\u00e9s pour permettre aux r\u00e9sidents de se rendre facilement dans le bourg \u00bb, constate Jo\u00ebl Lefebvre. Ce nouvel \u00e9quipement va en tout cas cr\u00e9er <strong>un vrai p\u00f4le sant\u00e9 \u00e0 Buchy<\/strong>, qui regroupera dans un m\u00eame p\u00e9rim\u00e8tre l\u2019EHPAD, le Village Seniors et la Maison de Sant\u00e9, ainsi que la pharmacie.<\/p>\n<p>Soutien financier du D\u00e9partement et de l\u2019Agence R\u00e9gionale de Sant\u00e9<\/p>\n<p class=\" wall-content\">Bien \u00e9videmment, ce projet a un co\u00fbt : il devrait avoisiner les <strong>16\u00a0millions d\u2019euros<\/strong> et b\u00e9n\u00e9ficiera du soutien financier du D\u00e9partement de la Seine-Maritime et de l\u2019Agence R\u00e9gionale de Sant\u00e9.<\/p>\n<p>Suivez l\u2019actualit\u00e9 de Rouen sur notre<a href=\"https:\/\/www.whatsapp.com\/channel\/0029VaKfnf99hXF2ddApFB1D\" target=\"_blank\" rel=\"noopener\"> cha\u00eene WhatsApp<\/a> et sur notre<a href=\"https:\/\/www.tiktok.com\/@76actu.fr?lang=fr\" target=\"_blank\" rel=\"noopener\"> compte TikTok<\/a><\/p>\n<p class=\" wall-content\">Personnalisez votre actualit\u00e9 en ajoutant vos villes et m\u00e9dias en favori avec <a href=\"https:\/\/moncompte.actu.fr\" title=\"D\u00e9couvez Mon Actu\" rel=\"nofollow noopener\" data-trk=\"{&quot;cta&quot;:{&quot;action&quot;:&quot;https:\\\/\\\/moncompte.actu.fr&quot;,&quot;category&quot;:&quot;mon compte&quot;,&quot;from&quot;:&quot;article footer&quot;,&quot;name&quot;:&quot;Mon actu&quot;,&quot;type&quot;:&quot;cta&quot;}}\" target=\"_blank\">Mon Actu<\/a>.<\/p>\n<p>                    <script async src=\"\/\/www.tiktok.com\/embed.js\"><\/script><\/p>\n","protected":false},"excerpt":{"rendered":"Par Isabelle Villy Publi\u00e9 le 6 sept. 2025 \u00e0 17h34 Le projet de construction d\u2019un nouvel EHPAD \u00e0&hellip;\n","protected":false},"author":2,"featured_media":372544,"comment_status":"","ping_status":"","sticky":false,"template":"","format":"standard","meta":{"footnotes":""},"categories":[9587],"tags":[1111,11,12216,1777,674,1011,27,12,5161,25,9590,71,3552,104],"class_list":{"0":"post-372543","1":"post","2":"type-post","3":"status-publish","4":"format-standard","5":"has-post-thumbnail","7":"category-rouen","8":"tag-actu","9":"tag-actualites","10":"tag-ehpad","11":"tag-eu","12":"tag-europe","13":"tag-fr","14":"tag-france","15":"tag-news","16":"tag-normandie","17":"tag-republique-francaise","18":"tag-rouen","19":"tag-sante","20":"tag-seniors","21":"tag-societe"},"share_on_mastodon":{"url":"https:\/\/pubeurope.com\/@fr\/115162035278883821","error":""},"_links":{"self":[{"href":"https:\/\/www.europesays.com\/fr\/wp-json\/wp\/v2\/posts\/372543","targetHints":{"allow":["GET"]}}],"collection":[{"href":"https:\/\/www.europesays.com\/fr\/wp-json\/wp\/v2\/posts"}],"about":[{"href":"https:\/\/www.europesays.com\/fr\/wp-json\/wp\/v2\/types\/post"}],"author":[{"embeddable":true,"href":"https:\/\/www.europesays.com\/fr\/wp-json\/wp\/v2\/users\/2"}],"replies":[{"embeddable":true,"href":"https:\/\/www.europesays.com\/fr\/wp-json\/wp\/v2\/comments?post=372543"}],"version-history":[{"count":0,"href":"https:\/\/www.europesays.com\/fr\/wp-json\/wp\/v2\/posts\/372543\/revisions"}],"wp:featuredmedia":[{"embeddable":true,"href":"https:\/\/www.europesays.com\/fr\/wp-json\/wp\/v2\/media\/372544"}],"wp:attachment":[{"href":"https:\/\/www.europesays.com\/fr\/wp-json\/wp\/v2\/media?parent=372543"}],"wp:term":[{"taxonomy":"category","embeddable":true,"href":"https:\/\/www.europesays.com\/fr\/wp-json\/wp\/v2\/categories?post=372543"},{"taxonomy":"post_tag","embeddable":true,"href":"https:\/\/www.europesays.com\/fr\/wp-json\/wp\/v2\/tags?post=372543"}],"curies":[{"name":"wp","href":"https:\/\/api.w.org\/{rel}","templated":true}]}}