{"id":372545,"date":"2025-09-07T08:19:59","date_gmt":"2025-09-07T08:19:59","guid":{"rendered":"https:\/\/www.europesays.com\/fr\/372545\/"},"modified":"2025-09-07T08:19:59","modified_gmt":"2025-09-07T08:19:59","slug":"boris-targe-occupe-la-fonction-de-directeur-general-du-crous-grenoble-alpes","status":"publish","type":"post","link":"https:\/\/www.europesays.com\/fr\/372545\/","title":{"rendered":"Boris Targe occupe la fonction de directeur g\u00e9n\u00e9ral du Crous Grenoble Alpes"},"content":{"rendered":"<p>&#13;<br \/>\n&#13;<br \/>\n\t&#13;<br \/>\n\t&#13;<br \/>\n&#13;<br \/>\n\t&#13;<br \/>\n\t&#13;<br \/>\n&#13;<\/p>\n<p><img fetchpriority=\"high\" decoding=\"async\" width=\"769\" height=\"1024\" src=\"https:\/\/www.europesays.com\/fr\/wp-content\/uploads\/2025\/09\/Boris-Targe-\u00a9-Cie-des-Medias-1-769x1024.jpg\" alt=\"\" class=\"wp-image-4710971\" style=\"width:189px;height:auto\"  \/><\/p>\n<p>Depuis le 1er\u00a0juillet dernier, Boris Targe est le nouveau directeur g\u00e9n\u00e9ral du Crous Grenoble Alpes, succ\u00e9dant \u00e0 B\u00e9n\u00e9dicte Corvaisier, qui vient de prendre le poste de directrice g\u00e9n\u00e9rale des services de l\u2019Universit\u00e9 Grenoble Alpes.<\/p>\n<p>Grenoblois d\u2019origine, Boris Targe est titulaire d\u2019une ma\u00eetrise en droit priv\u00e9, obtenu \u00e0 l\u2019Universit\u00e9 Grenoble Alpes. Int\u00e9grant la fonction publique, il a occup\u00e9 plusieurs postes op\u00e9rationnels au sein de la direction de l\u2019administration p\u00e9nitentiaire, avant de devenir secr\u00e9taire g\u00e9n\u00e9ral de la direction interr\u00e9gionale Grand Ouest, puis d\u2019exercer des responsabilit\u00e9s de sous-directeur adjoint au minist\u00e8re de la Justice. Depuis 2022, il \u00e9tait directeur g\u00e9n\u00e9ral adjoint du conseil d\u00e9partemental de la Haute-Marne. Un poste qu\u2019il occupait jusqu\u2019\u00e0 sa r\u00e9cente nomination en Is\u00e8re.<\/p>\n<p>\t\t&#13;<br \/>\n&#13;<\/p>\n","protected":false},"excerpt":{"rendered":"&#13; &#13; &#13; &#13; &#13; &#13; &#13; &#13; Depuis le 1er\u00a0juillet dernier, Boris Targe est le nouveau directeur&hellip;\n","protected":false},"author":2,"featured_media":372546,"comment_status":"","ping_status":"","sticky":false,"template":"","format":"standard","meta":{"footnotes":""},"categories":[9566],"tags":[1111,11,2430,1777,674,1011,27,2731,12,25],"class_list":{"0":"post-372545","1":"post","2":"type-post","3":"status-publish","4":"format-standard","5":"has-post-thumbnail","7":"category-grenoble","8":"tag-actu","9":"tag-actualites","10":"tag-auvergne-rhone-alpes","11":"tag-eu","12":"tag-europe","13":"tag-fr","14":"tag-france","15":"tag-grenoble","16":"tag-news","17":"tag-republique-francaise"},"share_on_mastodon":{"url":"https:\/\/pubeurope.com\/@fr\/115162043106225680","error":""},"_links":{"self":[{"href":"https:\/\/www.europesays.com\/fr\/wp-json\/wp\/v2\/posts\/372545","targetHints":{"allow":["GET"]}}],"collection":[{"href":"https:\/\/www.europesays.com\/fr\/wp-json\/wp\/v2\/posts"}],"about":[{"href":"https:\/\/www.europesays.com\/fr\/wp-json\/wp\/v2\/types\/post"}],"author":[{"embeddable":true,"href":"https:\/\/www.europesays.com\/fr\/wp-json\/wp\/v2\/users\/2"}],"replies":[{"embeddable":true,"href":"https:\/\/www.europesays.com\/fr\/wp-json\/wp\/v2\/comments?post=372545"}],"version-history":[{"count":0,"href":"https:\/\/www.europesays.com\/fr\/wp-json\/wp\/v2\/posts\/372545\/revisions"}],"wp:featuredmedia":[{"embeddable":true,"href":"https:\/\/www.europesays.com\/fr\/wp-json\/wp\/v2\/media\/372546"}],"wp:attachment":[{"href":"https:\/\/www.europesays.com\/fr\/wp-json\/wp\/v2\/media?parent=372545"}],"wp:term":[{"taxonomy":"category","embeddable":true,"href":"https:\/\/www.europesays.com\/fr\/wp-json\/wp\/v2\/categories?post=372545"},{"taxonomy":"post_tag","embeddable":true,"href":"https:\/\/www.europesays.com\/fr\/wp-json\/wp\/v2\/tags?post=372545"}],"curies":[{"name":"wp","href":"https:\/\/api.w.org\/{rel}","templated":true}]}}