{"id":372549,"date":"2025-09-07T08:23:10","date_gmt":"2025-09-07T08:23:10","guid":{"rendered":"https:\/\/www.europesays.com\/fr\/372549\/"},"modified":"2025-09-07T08:23:10","modified_gmt":"2025-09-07T08:23:10","slug":"cesson-deux-cambrioleurs-arretes-en-flagrant-delit","status":"publish","type":"post","link":"https:\/\/www.europesays.com\/fr\/372549\/","title":{"rendered":"Cesson : deux cambrioleurs arr\u00eat\u00e9s en flagrant d\u00e9lit"},"content":{"rendered":"<p class=\"p3\" style=\"text-align: justify;\">Dans la nuit de samedi au dimanche 7 septembre, deux hommes \u00e2g\u00e9s de 36 et 37 ans ont \u00e9t\u00e9 interpell\u00e9s en flagrant d\u00e9lit alors qu\u2019ils cambriolaient un pavillon \u00e0 Cesson. Alert\u00e9s, les policiers rennais sont intervenus rapidement sur les lieux, surprenant les deux individus \u00e0 l\u2019int\u00e9rieur de la maison. Lors de leur arrestation, ils avaient sur eux plusieurs bijoux. Ils\u00a0ont \u00e9t\u00e9 plac\u00e9s en garde \u00e0 vue. Une enqu\u00eate est en cours pour d\u00e9terminer s\u2019ils sont impliqu\u00e9s dans d\u2019autres faits similaires.<\/p>\n","protected":false},"excerpt":{"rendered":"Dans la nuit de samedi au dimanche 7 septembre, deux hommes \u00e2g\u00e9s de 36 et 37 ans ont&hellip;\n","protected":false},"author":2,"featured_media":97878,"comment_status":"","ping_status":"","sticky":false,"template":"","format":"standard","meta":{"footnotes":""},"categories":[2821],"tags":[1111,11,829,1777,674,1011,27,12,584,25],"class_list":{"0":"post-372549","1":"post","2":"type-post","3":"status-publish","4":"format-standard","5":"has-post-thumbnail","7":"category-rennes","8":"tag-actu","9":"tag-actualites","10":"tag-bretagne","11":"tag-eu","12":"tag-europe","13":"tag-fr","14":"tag-france","15":"tag-news","16":"tag-rennes","17":"tag-republique-francaise"},"share_on_mastodon":{"url":"https:\/\/pubeurope.com\/@fr\/115162054895602123","error":""},"_links":{"self":[{"href":"https:\/\/www.europesays.com\/fr\/wp-json\/wp\/v2\/posts\/372549","targetHints":{"allow":["GET"]}}],"collection":[{"href":"https:\/\/www.europesays.com\/fr\/wp-json\/wp\/v2\/posts"}],"about":[{"href":"https:\/\/www.europesays.com\/fr\/wp-json\/wp\/v2\/types\/post"}],"author":[{"embeddable":true,"href":"https:\/\/www.europesays.com\/fr\/wp-json\/wp\/v2\/users\/2"}],"replies":[{"embeddable":true,"href":"https:\/\/www.europesays.com\/fr\/wp-json\/wp\/v2\/comments?post=372549"}],"version-history":[{"count":0,"href":"https:\/\/www.europesays.com\/fr\/wp-json\/wp\/v2\/posts\/372549\/revisions"}],"wp:featuredmedia":[{"embeddable":true,"href":"https:\/\/www.europesays.com\/fr\/wp-json\/wp\/v2\/media\/97878"}],"wp:attachment":[{"href":"https:\/\/www.europesays.com\/fr\/wp-json\/wp\/v2\/media?parent=372549"}],"wp:term":[{"taxonomy":"category","embeddable":true,"href":"https:\/\/www.europesays.com\/fr\/wp-json\/wp\/v2\/categories?post=372549"},{"taxonomy":"post_tag","embeddable":true,"href":"https:\/\/www.europesays.com\/fr\/wp-json\/wp\/v2\/tags?post=372549"}],"curies":[{"name":"wp","href":"https:\/\/api.w.org\/{rel}","templated":true}]}}