{"id":372550,"date":"2025-09-07T08:24:11","date_gmt":"2025-09-07T08:24:11","guid":{"rendered":"https:\/\/www.europesays.com\/fr\/372550\/"},"modified":"2025-09-07T08:24:11","modified_gmt":"2025-09-07T08:24:11","slug":"rennes-samir-nasri-contacte-il-lache-un-scoop","status":"publish","type":"post","link":"https:\/\/www.europesays.com\/fr\/372550\/","title":{"rendered":"Rennes : Samir Nasri contact\u00e9, il l\u00e2che un scoop"},"content":{"rendered":"<p><strong>Apr\u00e8s sa carri\u00e8re de joueur, Samir Nasri s&rsquo;\u00e9panouit dans le r\u00f4le de consultant sur Canal+. Est-il toutefois envisageable de le voir revenir dans un club ? C&rsquo;est possible d&rsquo;autant qu&rsquo;il a \u00e9t\u00e9 proche de rejoindre Rennes r\u00e9cemment.<\/strong><\/p>\n<p>Tr\u00e8s talentueux, Samir Nasri laissera \u00e0 tout jamais un go\u00fbt d&rsquo;inachev\u00e9 \u00e0 ses plus fid\u00e8les suiveurs. Le prodige marseillais aura r\u00e9alis\u00e9 de belles choses en Angleterre mais sa carri\u00e8re internationale s&rsquo;est brutalement arr\u00eat\u00e9e apr\u00e8s le barrage aller Ukraine-France pour le Mondial 2014. Sa carri\u00e8re de joueur s&rsquo;est aussi stopp\u00e9e dans l&rsquo;anonymat. Son dernier match professionnel a eu lieu avec le club belge d&rsquo;Anderlecht en 2020, \u00e0 m\u00eame pas 33 ans. Le Covid et le confinement sont ensuite arriv\u00e9s et il n&rsquo;est plus revenu sur les terrains professionnels. D\u00e9sormais consultant pour Canal+, il est tr\u00e8s appr\u00e9ci\u00e9 du public. Mais, l&rsquo;appel du jeu et de la comp\u00e9tition reprendra t-il le dessus ?<\/p>\n<p>Nasri a failli signer \u00e0 Rennes&#8230;avec G\u00e9n\u00e9sio<\/p>\n<p>Une carri\u00e8re d&rsquo;entra\u00eeneur, ou d&rsquo;entra\u00eeneur adjoint, le s\u00e9duit sans doute. Elle a surtout \u00e9t\u00e9 annonc\u00e9e pour lui par plusieurs m\u00e9dias en novembre 2024. En effet, Jorge Sampaoli venait d&rsquo;\u00eatre nomm\u00e9 sur le banc de <a href=\"https:\/\/www.foot01.com\/equipe\/rennes\/\" rel=\"nofollow noopener\" target=\"_blank\">Rennes<\/a> et des rumeurs indiquaient que Samir Nasri serait son adjoint. L&rsquo;ancien milieu de l&rsquo;OM a c\u00f4toy\u00e9 l&rsquo;Argentin \u00e0 S\u00e9ville et il aurait \u00e9t\u00e9 un relais linguistique cr\u00e9dible du bouillant technicien. Nasri n&rsquo;est finalement jamais venu en Bretagne. Interrog\u00e9 par Ouest-France, le phoc\u00e9en de naissance a ni\u00e9 avoir \u00e9t\u00e9 approch\u00e9 par son ancien mentor. Cependant, il a bel et bien failli d\u00e9barquer \u00e0 Rennes. L&rsquo;entra\u00eeneur rennais qui voulait l&rsquo;int\u00e9grer dans son staff s&rsquo;appelle Bruno G\u00e9n\u00e9sio.\u00a0<\/p>\n<blockquote class=\"twitter-tweet\"><p>&#13;<\/p>\n<p lang=\"fr\" dir=\"ltr\">Samir Nasri Marseille days \u2728\ud83d\udc8e <a href=\"https:\/\/t.co\/SUk1awJwkd\" rel=\"nofollow\">pic.twitter.com\/SUk1awJwkd<\/a><\/p>\n<p>&#13;<br \/>\n\u2014 Ligue 1 English (@Ligue1_ENG) <a href=\"https:\/\/twitter.com\/Ligue1_ENG\/status\/1963550142599983363?ref_src=twsrc%5Etfw\" rel=\"nofollow noopener\" target=\"_blank\">September 4, 2025<\/a><\/p><\/blockquote>\n<p>\u00ab \u00c7a n\u2019a jamais \u00e9t\u00e9 vrai que je rejoigne le staff de Sampaoli. En revanche, avec Bruno Genesio, il y a eu des contacts\u2026 \u00bb, a t-il r\u00e9v\u00e9l\u00e9 dans le quotidien r\u00e9gional breton. L&rsquo;actuel entra\u00eeneur du LOSC a \u00e9t\u00e9 nomm\u00e9 chez les Rouge et Noir en mars 2021 au moment o\u00f9 la carri\u00e8re de Nasri \u00e9tait au point mort. Le consultant t\u00e9l\u00e9 \u00e2g\u00e9 de 38 ans a rat\u00e9 une belle exp\u00e9rience puisque le Stade Rennais a disput\u00e9 l&rsquo;Europe d\u00e8s la saison qui a suivi. N\u00e9anmoins, il n&rsquo;a pas tout perdu \u00e0 Canal+ puisque sa cote de popularit\u00e9 a explos\u00e9 en France. Lou\u00e9 pour ses analyses sans langue de bois, Nasri sera peut-\u00eatre sollicit\u00e9 par des clubs \u00e0 l&rsquo;avenir comme Habib Beye avant lui sur la cha\u00eene crypt\u00e9e.<\/p>\n<p>          <script async src=\"https:\/\/platform.twitter.com\/widgets.js\" charset=\"utf-8\"><\/script><\/p>\n","protected":false},"excerpt":{"rendered":"Apr\u00e8s sa carri\u00e8re de joueur, Samir Nasri s&rsquo;\u00e9panouit dans le r\u00f4le de consultant sur Canal+. Est-il toutefois envisageable&hellip;\n","protected":false},"author":2,"featured_media":372551,"comment_status":"","ping_status":"","sticky":false,"template":"","format":"standard","meta":{"footnotes":""},"categories":[2821],"tags":[1111,11,829,1777,674,1011,27,12,584,25],"class_list":{"0":"post-372550","1":"post","2":"type-post","3":"status-publish","4":"format-standard","5":"has-post-thumbnail","7":"category-rennes","8":"tag-actu","9":"tag-actualites","10":"tag-bretagne","11":"tag-eu","12":"tag-europe","13":"tag-fr","14":"tag-france","15":"tag-news","16":"tag-rennes","17":"tag-republique-francaise"},"share_on_mastodon":{"url":"https:\/\/pubeurope.com\/@fr\/115162058831006694","error":""},"_links":{"self":[{"href":"https:\/\/www.europesays.com\/fr\/wp-json\/wp\/v2\/posts\/372550","targetHints":{"allow":["GET"]}}],"collection":[{"href":"https:\/\/www.europesays.com\/fr\/wp-json\/wp\/v2\/posts"}],"about":[{"href":"https:\/\/www.europesays.com\/fr\/wp-json\/wp\/v2\/types\/post"}],"author":[{"embeddable":true,"href":"https:\/\/www.europesays.com\/fr\/wp-json\/wp\/v2\/users\/2"}],"replies":[{"embeddable":true,"href":"https:\/\/www.europesays.com\/fr\/wp-json\/wp\/v2\/comments?post=372550"}],"version-history":[{"count":0,"href":"https:\/\/www.europesays.com\/fr\/wp-json\/wp\/v2\/posts\/372550\/revisions"}],"wp:featuredmedia":[{"embeddable":true,"href":"https:\/\/www.europesays.com\/fr\/wp-json\/wp\/v2\/media\/372551"}],"wp:attachment":[{"href":"https:\/\/www.europesays.com\/fr\/wp-json\/wp\/v2\/media?parent=372550"}],"wp:term":[{"taxonomy":"category","embeddable":true,"href":"https:\/\/www.europesays.com\/fr\/wp-json\/wp\/v2\/categories?post=372550"},{"taxonomy":"post_tag","embeddable":true,"href":"https:\/\/www.europesays.com\/fr\/wp-json\/wp\/v2\/tags?post=372550"}],"curies":[{"name":"wp","href":"https:\/\/api.w.org\/{rel}","templated":true}]}}