{"id":372553,"date":"2025-09-07T08:26:22","date_gmt":"2025-09-07T08:26:22","guid":{"rendered":"https:\/\/www.europesays.com\/fr\/372553\/"},"modified":"2025-09-07T08:26:22","modified_gmt":"2025-09-07T08:26:22","slug":"91-la-stat-qui-fait-entrer-le-rcsa-dans-une-autre-dimension","status":"publish","type":"post","link":"https:\/\/www.europesays.com\/fr\/372553\/","title":{"rendered":"91 %, la stat qui fait entrer le RCSA dans une autre dimension"},"content":{"rendered":"<p><strong>Auteur d&rsquo;un mercato d&rsquo;\u00e9t\u00e9 astronomique, Strasbourg a encore franchi un cap. Le RCSA a r\u00e9ussi la performance de d\u00e9penser plus d&rsquo;argent que le Paris Saint-Germain.<\/strong><\/p>\n<p>Avec <a href=\"https:\/\/wesportfr.com\/mercato-strasbourg-130-me-depenses-18-recrues-quelles-ambitions-pour-le-racing-cette-saison\/\" rel=\"nofollow noopener\" target=\"_blank\">130 M\u20ac de d\u00e9penses et 18 recrues<\/a>, <strong>Strasbourg<\/strong> a r\u00e9ussi un mercato d&rsquo;\u00e9t\u00e9 XXL \u00e0 faire rougir le Paris Saint-Germain. Officiellement conclue sur des d\u00e9penses de 118,50 M\u20ac hors bonus selon l&rsquo;estimation de Transfermarkt, cette intersaison a permis au RCSA de terminer \u00e0 <strong>la premi\u00e8re place des clubs de Ligue 1 les plus d\u00e9pensiers<\/strong> devant les deux mastodontes que sont le Paris Saint-Germain (103 M\u20ac) et l&rsquo;Olympique de Marseille (96,20 M\u20ac).<\/p>\n<blockquote class=\"twitter-tweet\" data-width=\"500\" data-dnt=\"true\">\n<p lang=\"fr\" dir=\"ltr\">Mon bilan du <a href=\"https:\/\/twitter.com\/hashtag\/Mercato?src=hash&amp;ref_src=twsrc%5Etfw\" rel=\"nofollow noopener\" target=\"_blank\">#Mercato<\/a> 2025\/26 pour le Racing Club de Strasbourg \ud83d\udd35\u26aa\ufe0f\ud83d\udc47\ud83c\udffc (Thread)<\/p>\n<p>Note du mercato 8\/10<\/p>\n<p>Le Racing a sign\u00e9 17 joueurs et 22 joueurs sont parties.<\/p>\n<p>Les nouvelles arriv\u00e9es pour 115m\u20ac :<\/p>\n<p>\u2705\ufe0f\ud83c\udff4\udb40\udc67\udb40\udc62\udb40\udc65\udb40\udc6e\udb40\udc67\udb40\udc7f Chilwell (libre)<br \/>\u2705\ufe0f\ud83c\udde8\ud83c\uddee Godo (7 M\u20ac)<br \/>\u2705\ufe0f\ud83c\uddf5\ud83c\uddfe Enciso (18,5 \u20ac)<br \/>\u2705\ud83c\udde6\ud83c\uddf7\u2026 <a href=\"https:\/\/t.co\/dBxfj58I9v\" rel=\"nofollow\">pic.twitter.com\/dBxfj58I9v<\/a><\/p>\n<p>\u2014 Le Coach \ud83d\udca5 (@TheCoach_2) <a href=\"https:\/\/twitter.com\/TheCoach_2\/status\/1963497459860078796?ref_src=twsrc%5Etfw\" rel=\"nofollow noopener\" target=\"_blank\">September 4, 2025<\/a><\/p><\/blockquote>\n<p>Tr\u00e8s critiqu\u00e9 du fait qu&rsquo;il partage <strong>le m\u00eame propri\u00e9taire que les Anglais de Chelsea<\/strong> (BlueCo), Strasbourg se donne les moyens de terminer tr\u00e8s haut en championnat sans oublier sa qualification \u00e0 la phase de ligue de la Ligue Conf\u00e9rence. Une pr\u00e9sence en C4 qui va obliger Liam Rosenior \u00e0 faire tourner et donc \u00e0 utiliser un nombre de joueurs important. Reste \u00e0 savoir si le coach anglais parviendra \u00e0 trouver un \u00e9quilibre et si les recrues estivales arriveront \u00e0 pallier aux quelques d\u00e9parts majeurs, surtout ceux de Dilane Bakwa (Nottingham Forest, 35 M\u20ac) et Habib Diarra (Sunderland, 31,50 M\u20ac).<\/p>\n<p><strong>\u00c0 lire aussi <\/strong>\u2013 <a href=\"https:\/\/wesportfr.com\/mercato-les-joueurs-en-fin-de-contrat-en-juin-2026-au-rcsa-strasbourg\/\" rel=\"nofollow noopener\" target=\"_blank\">Mercato : les joueurs en fin de contrat en juin 2026 au RCSA (Strasbourg)<\/a><\/p>\n<p>Mercato Strasbourg : Panichelli recrue la plus ch\u00e8re de l&rsquo;\u00e9t\u00e9<\/p>\n<p>Capable notamment de d\u00e9bourser 16,50 M\u20ac pour l&rsquo;attaquant argentin <strong>Joaquin Panichelli<\/strong>, recrue la plus ch\u00e8re de l&rsquo;\u00e9t\u00e9 et deuxi\u00e8me joueur le plus cher de son histoire, Strasbourg a \u00e9tabli un nouveau record qui le fait entrer encore un peu plus dans une autre dimension. <strong>118,50 M\u20ac pendant ce mercato estival<\/strong>, le RCSA n&rsquo;avait jamais d\u00e9pens\u00e9 autant sur un seul march\u00e9 des transferts. Le club implant\u00e9 \u00e0 la Meinau a fait mieux que sa pr\u00e9c\u00e9dente marque qui datait du mercato d&rsquo;\u00e9t\u00e9 2024.<\/p>\n<p>L&rsquo;an dernier, Strasbourg d\u00e9boursait 61,90 M\u20ac soit une impressionnante augmentation de 91 % en l&rsquo;espace de douze mois. Un mercato fou qui oblige d\u00e9sormais les Alsaciens, 6es de <a href=\"https:\/\/wesportfr.com\/football\/ligue-1\/\" rel=\"nofollow noopener\" target=\"_blank\">Ligue 1<\/a> et battus \u00e0 Monaco avant la tr\u00eave internationale (2-3), \u00e0 r\u00e9pondre pr\u00e9sents sur le terrain.<\/p>\n<p>                    <script async src=\"https:\/\/platform.twitter.com\/widgets.js\" charset=\"utf-8\"><\/script><\/p>\n","protected":false},"excerpt":{"rendered":"Auteur d&rsquo;un mercato d&rsquo;\u00e9t\u00e9 astronomique, Strasbourg a encore franchi un cap. Le RCSA a r\u00e9ussi la performance de&hellip;\n","protected":false},"author":2,"featured_media":372554,"comment_status":"","ping_status":"","sticky":false,"template":"","format":"standard","meta":{"footnotes":""},"categories":[2820],"tags":[1111,11,1777,674,1011,27,775,12,25,640],"class_list":{"0":"post-372553","1":"post","2":"type-post","3":"status-publish","4":"format-standard","5":"has-post-thumbnail","7":"category-strasbourg","8":"tag-actu","9":"tag-actualites","10":"tag-eu","11":"tag-europe","12":"tag-fr","13":"tag-france","14":"tag-grand-est","15":"tag-news","16":"tag-republique-francaise","17":"tag-strasbourg"},"share_on_mastodon":{"url":"https:\/\/pubeurope.com\/@fr\/115162066701287802","error":""},"_links":{"self":[{"href":"https:\/\/www.europesays.com\/fr\/wp-json\/wp\/v2\/posts\/372553","targetHints":{"allow":["GET"]}}],"collection":[{"href":"https:\/\/www.europesays.com\/fr\/wp-json\/wp\/v2\/posts"}],"about":[{"href":"https:\/\/www.europesays.com\/fr\/wp-json\/wp\/v2\/types\/post"}],"author":[{"embeddable":true,"href":"https:\/\/www.europesays.com\/fr\/wp-json\/wp\/v2\/users\/2"}],"replies":[{"embeddable":true,"href":"https:\/\/www.europesays.com\/fr\/wp-json\/wp\/v2\/comments?post=372553"}],"version-history":[{"count":0,"href":"https:\/\/www.europesays.com\/fr\/wp-json\/wp\/v2\/posts\/372553\/revisions"}],"wp:featuredmedia":[{"embeddable":true,"href":"https:\/\/www.europesays.com\/fr\/wp-json\/wp\/v2\/media\/372554"}],"wp:attachment":[{"href":"https:\/\/www.europesays.com\/fr\/wp-json\/wp\/v2\/media?parent=372553"}],"wp:term":[{"taxonomy":"category","embeddable":true,"href":"https:\/\/www.europesays.com\/fr\/wp-json\/wp\/v2\/categories?post=372553"},{"taxonomy":"post_tag","embeddable":true,"href":"https:\/\/www.europesays.com\/fr\/wp-json\/wp\/v2\/tags?post=372553"}],"curies":[{"name":"wp","href":"https:\/\/api.w.org\/{rel}","templated":true}]}}