{"id":372557,"date":"2025-09-07T08:28:12","date_gmt":"2025-09-07T08:28:12","guid":{"rendered":"https:\/\/www.europesays.com\/fr\/372557\/"},"modified":"2025-09-07T08:28:12","modified_gmt":"2025-09-07T08:28:12","slug":"nice-ces-chauffeurs-transportent-des-clients-speciaux-une-mesure-inedite-lancee","status":"publish","type":"post","link":"https:\/\/www.europesays.com\/fr\/372557\/","title":{"rendered":"Nice. Ces chauffeurs transportent des clients sp\u00e9ciaux : une mesure in\u00e9dite lanc\u00e9e"},"content":{"rendered":"<p>            Par<br \/>\n        <strong><br \/>\n            <a href=\"https:\/\/actu.fr\/auteur\/manon-reinhardt\" title=\"Consulter tous les articles de Manon Reinhardt\" target=\"_blank\" rel=\"noopener\">Manon Reinhardt<\/a><br \/>\n        <\/strong><\/p>\n<p>        Publi\u00e9 le<\/p>\n<p>            7 sept. 2025 \u00e0 9h40        <\/p>\n<p>Et si votre m\u00e9decin venait directement \u00e0 vous en taxi\u2009? Un tout nouveau dispositif vient d\u2019\u00eatre lanc\u00e9 par la mairie de <a href=\"https:\/\/actu.fr\/provence-alpes-cote-d-azur\/nice_06088\" target=\"_blank\" rel=\"noopener\">Nice<\/a> (<a href=\"https:\/\/actu.fr\/provence-alpes-cote-d-azur\/alpes-maritimes_06\" target=\"_blank\" rel=\"noopener\">Alpes-Maritimes<\/a>) afin de lutter contre l\u2019isolement des plus vuln\u00e9rables et ceux qui ne peuvent pas se d\u00e9placer jusqu\u2019\u00e0 un cabinet m\u00e9dical.<\/p>\n<p class=\" wall-content\">L\u2019id\u00e9e est concr\u00e8te, <strong>mettre \u00e0 disposition des chauffeurs<\/strong> qui conduisent les praticiens directement chez les patients isol\u00e9s. La mesure est destin\u00e9e aux personnes \u00ab\u2009de plus de 75\u00a0ans, en affection longue dur\u00e9e (ALD), \u00e9loign\u00e9 de tout parcours de soins et ne disposant pas de m\u00e9decin traitant\u2009\u00bb.<\/p>\n<p>Des chauffeurs\u2026 pour les m\u00e9decins\u2009!<\/p>\n<p class=\" wall-content\">La Ville de Nice vient d\u2019annoncer qu\u2019elle avait lanc\u00e9 un dispositif in\u00e9dit afin de lutter contre l\u2019isolement des seniors. Elle met \u00e0 disposition<strong> des chauffeurs municipaux<\/strong> pour transporter des m\u00e9decins afin qu\u2019ils puissent se rendre chez des patients qui n\u2019ont aucun m\u00e9decin traitant ou qui ne peuvent plus se d\u00e9placer.<\/p>\n<p class=\" wall-content\">Cette action est le fruit d\u2019une collaboration avec la Communaut\u00e9 professionnelle territoriale de sant\u00e9 (CPTS) Nice Centre \u2013 Nice Est et l\u2019association Les Petits Fr\u00e8res des Pauvres.<\/p>\n<blockquote class=\"ac-article-quote wall-content\">\n<p>Depuis le d\u00e9but de l\u2019ann\u00e9e, nous avons mis en place un dispositif innovant pour garantir que les personnes \u00e2g\u00e9es les plus fragiles puissent b\u00e9n\u00e9ficier de visites m\u00e9dicales \u00e0 domicile quand le stationnement est complexe.\u00a0Pour ce faire, nous mettons \u00e0 disposition des m\u00e9decins un chauffeur pour lever les obstacles pratiques et leur permettre d\u2019aller directement chez les patients.<\/p>\n<p>    <strong>Christian Estrosi<\/strong><br \/>\n        Maire de Nice    <\/p><\/blockquote>\n<p>R\u00e9pondre \u00e0 une probl\u00e9matique sociale<\/p>\n<p class=\" wall-content\">Le maire de Nice d\u00e9fend ainsi un principe \u00ab\u2009simple\u2009\u00bb\u2009: \u00ab\u2009Personne ne doit \u00eatre laiss\u00e9 en dehors du parcours de soins, car se soigner n\u2019est pas un privil\u00e8ge, c\u2019est un droit\u2009\u00bb, explique-t-il encore.<\/p>\n<p class=\" wall-content\">Ce dispositif tr\u00e8s sp\u00e9cial est destin\u00e9 aux patients \u00ab\u2009de plus de 75\u00a0ans, en affection longue dur\u00e9e (ALD), \u00e9loign\u00e9 de tout parcours de soins et ne disposant pas de m\u00e9decin traitant\u2009\u00bb. Les m\u00e9decins volontaires pourront donc se rendre chez eux directement.<\/p>\n<p>Votre r\u00e9gion, votre actu !<\/p>\n<p>Recevez chaque jour les infos qui comptent pour vous.<\/p>\n<p>\t<a href=\"https:\/\/actu.fr\/newsletter\" class=\"ac-btn ac-btn--corner ac-btn--medium ac-btn--blue800\" target=\"_blank\" rel=\"noopener\">S&rsquo;incrire<\/a><\/p>\n<p class=\" wall-content\">Pour l\u2019instant, il est mis en place dans le centre et \u00e0 l\u2019est de la capitale azur\u00e9enne. \u00ab\u2009Cette approche coordonn\u00e9e permet de r\u00e9pondre non seulement aux besoins m\u00e9dicaux imm\u00e9diats, mais aussi aux probl\u00e9matiques sociales, afin de renforcer la qualit\u00e9 de vie et le bien-\u00eatre des personnes \u00e2g\u00e9es concern\u00e9es\u2009\u00bb, indique la municipalit\u00e9 dans son communiqu\u00e9.<\/p>\n<p>36 patients en ont b\u00e9n\u00e9fici\u00e9<\/p>\n<p class=\" wall-content\">Depuis la mise en place de la mesure, 36 patients isol\u00e9s ont pu b\u00e9n\u00e9ficier de visites m\u00e9dicales \u00e0 domicile et ainsi, \u00ab\u2009renouer avec un suivi de sant\u00e9 r\u00e9gulier, l\u00e0 o\u00f9 auparavant ils \u00e9taient laiss\u00e9s sans aucune solution\u2009\u00bb. \u00c0 noter que les trajets sont pris en charge par le chauffeur.<\/p>\n<p class=\" wall-content\">Si vous remplissez les crit\u00e8res \u00e9nonc\u00e9s ci-dessus, vous pouvez faire une demande \u00e0 <strong><a href=\"https:\/\/actu.fr\/cdn-cgi\/l\/email-protection\" class=\"__cf_email__\" data-cfemail=\"284b585c5b464b464d684f45494144064b4745\" target=\"_blank\" rel=\"noopener\">[email\u00a0protected]<\/a><\/strong>. En cas d\u2019urgence, il reste demand\u00e9 de contacter le 15 ou SOS M\u00e9decins.<\/p>\n<p class=\" wall-content\">Personnalisez votre actualit\u00e9 en ajoutant vos villes et m\u00e9dias en favori avec <a href=\"https:\/\/moncompte.actu.fr\" title=\"D\u00e9couvez Mon Actu\" rel=\"nofollow noopener\" data-trk=\"{&quot;cta&quot;:{&quot;action&quot;:&quot;https:\\\/\\\/moncompte.actu.fr&quot;,&quot;category&quot;:&quot;mon compte&quot;,&quot;from&quot;:&quot;article footer&quot;,&quot;name&quot;:&quot;Mon actu&quot;,&quot;type&quot;:&quot;cta&quot;}}\" target=\"_blank\">Mon Actu<\/a>.<\/p>\n","protected":false},"excerpt":{"rendered":"Par Manon Reinhardt Publi\u00e9 le 7 sept. 2025 \u00e0 9h40 Et si votre m\u00e9decin venait directement \u00e0 vous&hellip;\n","protected":false},"author":2,"featured_media":372558,"comment_status":"","ping_status":"","sticky":false,"template":"","format":"standard","meta":{"footnotes":""},"categories":[2819],"tags":[1111,11,1777,674,1011,27,2673,12,2401,882,25,104],"class_list":{"0":"post-372557","1":"post","2":"type-post","3":"status-publish","4":"format-standard","5":"has-post-thumbnail","7":"category-nice","8":"tag-actu","9":"tag-actualites","10":"tag-eu","11":"tag-europe","12":"tag-fr","13":"tag-france","14":"tag-medecins","15":"tag-news","16":"tag-nice","17":"tag-provence-alpes-cote-dazur","18":"tag-republique-francaise","19":"tag-societe"},"share_on_mastodon":{"url":"https:\/\/pubeurope.com\/@fr\/115162074552137584","error":""},"_links":{"self":[{"href":"https:\/\/www.europesays.com\/fr\/wp-json\/wp\/v2\/posts\/372557","targetHints":{"allow":["GET"]}}],"collection":[{"href":"https:\/\/www.europesays.com\/fr\/wp-json\/wp\/v2\/posts"}],"about":[{"href":"https:\/\/www.europesays.com\/fr\/wp-json\/wp\/v2\/types\/post"}],"author":[{"embeddable":true,"href":"https:\/\/www.europesays.com\/fr\/wp-json\/wp\/v2\/users\/2"}],"replies":[{"embeddable":true,"href":"https:\/\/www.europesays.com\/fr\/wp-json\/wp\/v2\/comments?post=372557"}],"version-history":[{"count":0,"href":"https:\/\/www.europesays.com\/fr\/wp-json\/wp\/v2\/posts\/372557\/revisions"}],"wp:featuredmedia":[{"embeddable":true,"href":"https:\/\/www.europesays.com\/fr\/wp-json\/wp\/v2\/media\/372558"}],"wp:attachment":[{"href":"https:\/\/www.europesays.com\/fr\/wp-json\/wp\/v2\/media?parent=372557"}],"wp:term":[{"taxonomy":"category","embeddable":true,"href":"https:\/\/www.europesays.com\/fr\/wp-json\/wp\/v2\/categories?post=372557"},{"taxonomy":"post_tag","embeddable":true,"href":"https:\/\/www.europesays.com\/fr\/wp-json\/wp\/v2\/tags?post=372557"}],"curies":[{"name":"wp","href":"https:\/\/api.w.org\/{rel}","templated":true}]}}