{"id":372565,"date":"2025-09-07T08:33:15","date_gmt":"2025-09-07T08:33:15","guid":{"rendered":"https:\/\/www.europesays.com\/fr\/372565\/"},"modified":"2025-09-07T08:33:15","modified_gmt":"2025-09-07T08:33:15","slug":"un-week-end-pour-decouvrir-la-meditation-zen","status":"publish","type":"post","link":"https:\/\/www.europesays.com\/fr\/372565\/","title":{"rendered":"Un week-end pour d\u00e9couvrir la m\u00e9ditation zen"},"content":{"rendered":"<p>Le Dojo Zen de Toulouse, fond\u00e9 en 1971 par Ma\u00eetre Deshimaru, moine bouddhiste japonais, ouvre ses portes au public, les 13 et 14 septembre prochains. Pour la premi\u00e8re fois, depuis longtemps, cette association d\u2019une centaine d\u2019adh\u00e9rents, vous propose de d\u00e9couvrir la m\u00e9ditation zen, ou zazen, une pratique accessible \u00e0 tous, centr\u00e9e sur la posture, la respiration et l\u2019attitude de l\u2019esprit. Durant tout le week-end, les visiteurs pourront s\u2019immerger dans l\u2019art et la culture zen \u00e0 travers une exposition de peintures, calligraphies, po\u00e9sies et compositions florales japonaises, r\u00e9alis\u00e9es par les artistes pratiquants du dojo. Trois s\u00e9ances d\u2019initiation \u00e0 la m\u00e9ditation zen, guid\u00e9es par les enseignants du dojo, seront \u00e9galement propos\u00e9es au public, le samedi \u00e0 11 h 30 et 14 h 30, ainsi que le dimanche \u00e0 11 heures Comme l\u2019explique Laetitia Mayeur, l\u2019une des responsables du dojo, \u00ab\u00a0la m\u00e9ditation, c\u2019est d\u2019abord une philosophie de vie. Pratiqu\u00e9e r\u00e9guli\u00e8rement, elle apporte bien-\u00eatre, \u00e9nergie, s\u00e9r\u00e9nit\u00e9 et lucidit\u00e9\u00a0\u00bb. En compl\u00e9ment de ces s\u00e9ances, le samedi \u00e0 17 heures, Laetitia Mayeur donnera une conf\u00e9rence intitul\u00e9e \u00ab\u00a0Zazen, la pratique d\u2019\u00e9veil\u00a0\u00bb, qui sera suivie d\u2019un \u00e9change avec les participants.<\/p>\n<p>Du samedi 13 septembre 11 h au 14 septembre 14 h au 51 rue Bayard (2e \u00e9tage au fond du passage couvert). Activit\u00e9s gratuites. Pr\u00e9voir une tenue confortable.<\/p>\n","protected":false},"excerpt":{"rendered":"Le Dojo Zen de Toulouse, fond\u00e9 en 1971 par Ma\u00eetre Deshimaru, moine bouddhiste japonais, ouvre ses portes au&hellip;\n","protected":false},"author":2,"featured_media":372566,"comment_status":"","ping_status":"","sticky":false,"template":"","format":"standard","meta":{"footnotes":""},"categories":[2816],"tags":[1111,11,1777,674,1011,27,12,2680,25,2312],"class_list":{"0":"post-372565","1":"post","2":"type-post","3":"status-publish","4":"format-standard","5":"has-post-thumbnail","7":"category-toulouse","8":"tag-actu","9":"tag-actualites","10":"tag-eu","11":"tag-europe","12":"tag-fr","13":"tag-france","14":"tag-news","15":"tag-occitanie","16":"tag-republique-francaise","17":"tag-toulouse"},"share_on_mastodon":{"url":"https:\/\/pubeurope.com\/@fr\/115162094285076672","error":""},"_links":{"self":[{"href":"https:\/\/www.europesays.com\/fr\/wp-json\/wp\/v2\/posts\/372565","targetHints":{"allow":["GET"]}}],"collection":[{"href":"https:\/\/www.europesays.com\/fr\/wp-json\/wp\/v2\/posts"}],"about":[{"href":"https:\/\/www.europesays.com\/fr\/wp-json\/wp\/v2\/types\/post"}],"author":[{"embeddable":true,"href":"https:\/\/www.europesays.com\/fr\/wp-json\/wp\/v2\/users\/2"}],"replies":[{"embeddable":true,"href":"https:\/\/www.europesays.com\/fr\/wp-json\/wp\/v2\/comments?post=372565"}],"version-history":[{"count":0,"href":"https:\/\/www.europesays.com\/fr\/wp-json\/wp\/v2\/posts\/372565\/revisions"}],"wp:featuredmedia":[{"embeddable":true,"href":"https:\/\/www.europesays.com\/fr\/wp-json\/wp\/v2\/media\/372566"}],"wp:attachment":[{"href":"https:\/\/www.europesays.com\/fr\/wp-json\/wp\/v2\/media?parent=372565"}],"wp:term":[{"taxonomy":"category","embeddable":true,"href":"https:\/\/www.europesays.com\/fr\/wp-json\/wp\/v2\/categories?post=372565"},{"taxonomy":"post_tag","embeddable":true,"href":"https:\/\/www.europesays.com\/fr\/wp-json\/wp\/v2\/tags?post=372565"}],"curies":[{"name":"wp","href":"https:\/\/api.w.org\/{rel}","templated":true}]}}