{"id":372567,"date":"2025-09-07T08:34:13","date_gmt":"2025-09-07T08:34:13","guid":{"rendered":"https:\/\/www.europesays.com\/fr\/372567\/"},"modified":"2025-09-07T08:34:13","modified_gmt":"2025-09-07T08:34:13","slug":"insolite-il-court-le-score-des-matchs-du-toulouse-fc-son-defi-devient-viral-dans-toute-la-ligue-1","status":"publish","type":"post","link":"https:\/\/www.europesays.com\/fr\/372567\/","title":{"rendered":"Insolite. Il court le score des matchs du Toulouse FC, son d\u00e9fi devient viral\u2026 dans toute la Ligue 1"},"content":{"rendered":"<p>            Par<br \/>\n        <strong><br \/>\n            <a href=\"https:\/\/actu.fr\/auteur\/guillaume-laurens\" title=\"Consulter tous les articles de Guillaume Laurens\" rel=\"nofollow noopener\" target=\"_blank\">Guillaume Laurens<\/a><br \/>\n        <\/strong><\/p>\n<p>        Publi\u00e9 le<\/p>\n<p>            7 sept. 2025 \u00e0 10h14        <\/p>\n<p>C\u2019est un champion des d\u00e9fis\u2026 plus loufoques les uns que les autres. Grand fan du <a href=\"https:\/\/actu.fr\/tag\/toulouse-football-club-tfc\" rel=\"nofollow noopener\" target=\"_blank\">Toulouse Football Club<\/a>, <strong>Dorian Ledentu<\/strong>, 23\u00a0ans, se lance r\u00e9guli\u00e8rement dans de dr\u00f4les d\u2019aventures autour de son \u00e9quipe de c\u0153ur\u2026 et toujours pour la bonne cause.<\/p>\n<p>L\u2019objectif\u2009? \u00ab\u2009Courir le score du match\u2009\u00bb<\/p>\n<p class=\" wall-content\">\u00ab\u2009J\u2019aime bien faire des d\u00e9fis d\u00e9cal\u00e9s pour me motiver \u00e0 courir\u2009\u00bb, raconte Dorian \u00e0 Actu Toulouse. Apr\u00e8s avoir <strong>gravi 150\u00a0fois les marches de Saint-Pierre<\/strong> l\u2019an dernier \u2014 soit, d\u2019apr\u00e8s son calcul, 1\u2009000\u00a0m\u00e8tres de d\u00e9nivel\u00e9 positif \u2014 pour se voir offrir une bi\u00e8re Chez Tonton, \u00ab\u2009en mai dernier, j\u2019ai fait <strong>100 allers-retours<\/strong> sur la rampe de la <strong>place de la Daurade<\/strong> pour prendre un segment Strava\u2009\u00bb.<\/p>\n<p class=\" wall-content\">Et cet \u00e9t\u00e9, il a donc remis \u00e7a. Son id\u00e9e\u2009? <strong>Courir apr\u00e8s le score<\/strong> (litt\u00e9ralement). \u00c0 l\u2019issue de la premi\u00e8re journ\u00e9e de Ligue\u00a01, qui a vu<a href=\"https:\/\/actu.fr\/occitanie\/toulouse_31555\/ligue-1-toulouse-s-offre-nice-et-un-bon-debut-de-saison_63043615.html\" rel=\"nofollow noopener\" target=\"_blank\"> la victoire (0-1) du T\u00e9f\u00e9c\u00e9 \u00e0 <strong>Nice<\/strong> (Alpes-Maritimes),<\/a> il a donc lanc\u00e9 un <strong>challenge devenu viral<\/strong>\u2009: \u00ab\u2009Nouvelle saison, nouveaux d\u00e9fis\u2009\u00bb, a \u00e9crit Dorian \u00e0 ses abonn\u00e9s sur X, sous son pseudo \u2018Hidalgo fan account\u2019.<\/p>\n<blockquote class=\"ac-article-quote wall-content\">\n<p>L&rsquo;objectif est simple : courir (ou marcher en cas de branl\u00e9e) le score du match. On commence en douceur avec 01 km apr\u00e8s la victoire 0-1 \u00e0 Nice.<\/p>\n<p>    <strong>Dorian Ledentu<\/strong><br \/>\n        Sous le pseudo Hidalgo fan account    <\/p><\/blockquote>\n<p class=\" wall-content\">Pour prouver sa bonne foi, le coureur publie ensuite ses performances sur les <strong>r\u00e9seaux sociaux<\/strong>, via<a href=\"https:\/\/actu.fr\/dossier\/strava-l-application-pour-sportifs-cartonne-mais-est-elle-sans-danger_61863401.html\" rel=\"nofollow noopener\" target=\"_blank\"> l\u2019application <strong>Strava<\/strong>.<\/a><\/p>\n<p class=\" wall-content\">\n<p>Vid\u00e9os : en ce moment sur ActuIl court 20\u00a0km apr\u00e8s le 2-0\u00a0contre Brest<\/p>\n<p class=\" wall-content\">Pour la 2\u1d49 journ\u00e9e de Ligue\u00a01, qui a vu <a href=\"https:\/\/actu.fr\/occitanie\/toulouse_31555\/ligue-1-toulouse-et-franck-magri-ecrasent-brest-pour-reussir-leur-rentree-au-stadium_63071621.html\" rel=\"nofollow noopener\" target=\"_blank\">la victoire 2-0 du T\u00e9f\u00e9c\u00e9 contre Brest<\/a>, il a donc couru <strong>20 kilom\u00e8tres.<\/strong><\/p>\n<p class=\" wall-content\">\n<p>36\u00a0km apr\u00e8s le 3-6 encaiss\u00e9 face au PSG<\/p>\n<p class=\" wall-content\">Apr\u00e8s le choc entre le <strong>TFC<\/strong> et le <strong>PSG<\/strong> au Stadium lors de la 3\u1d49 journ\u00e9e, marqu\u00e9 par <a href=\"https:\/\/actu.fr\/occitanie\/toulouse_31555\/ligue-1-debandade-et-ko-technique-de-toulouse-face-a-paris-et-joao-neves_63097610.html\" rel=\"nofollow noopener\" target=\"_blank\">la d\u00e9culott\u00e9e (3-6) des Violets<\/a>, les deux derniers buts de ses prot\u00e9g\u00e9s dans les ultimes instants du match ont valu 20\u00a0km de plus \u00e0 Dorian, qui a donc d\u00fb courir<strong> 36\u00a0km<\/strong> au total\u2009!<\/p>\n<p>Votre r\u00e9gion, votre actu !<\/p>\n<p>Recevez chaque jour les infos qui comptent pour vous.<\/p>\n<p>\t<a href=\"https:\/\/actu.fr\/newsletter\" class=\"ac-btn ac-btn--corner ac-btn--medium ac-btn--blue800\" rel=\"nofollow noopener\" target=\"_blank\">S&rsquo;incrire<\/a><\/p>\n<p class=\" wall-content\">Fort heureusement pour lui, le match face aux champions de France et d\u2019Europe \u00e9tait \u00e0 domicile\u2026 Ce passionn\u00e9 s\u2019en amuse\u2009: \u00ab\u2009Je n\u2019ai pas h\u00e2te du match retour au Parc des Princes\u2009\u00bb, ironise Dorian, qui entend bien tenir son d\u00e9fi jusqu\u2019\u00e0 la fin de la saison, \u00ab\u2009mais ce sera juste avant le quart de finale de la Ligue des champions, j\u2019esp\u00e8re que le PSG ne mettra pas la grosse \u00e9quipe\u2009!\u2009\u00bb<\/p>\n<p class=\" wall-content\">\n<p>\u00ab\u2009Je cours toujours avec un maillot des Petites Bosses\u2009\u00bb<\/p>\n<p class=\" wall-content\">Tant d\u2019actions insolites qu\u2019il m\u00e8ne pour la bonne cause, puisque Dorian court pour <a href=\"https:\/\/www.lespetitesbosses.com\/\" rel=\"nofollow noopener\" target=\"_blank\">Les Petites Bosses,<\/a> une <strong>association caritative<\/strong> n\u00e9e \u00e0 Toulouse et qui vient en aide aux <strong>enfants malades<\/strong> ou en situation de handicap afin d\u2019am\u00e9liorer leur quotidien.<\/p>\n<blockquote class=\"ac-article-quote wall-content\">\n<p>Je cours toujours avec un maillot des Petites Bosses et j&rsquo;essaie d&rsquo;en parler un maximum. Mon but, \u00e0 travers ce genre de d\u00e9fis, c&rsquo;est de mettre en avant l&rsquo;association, afin de r\u00e9colter quelques dons et de la faire conna\u00eetre. Le moindre euro est le bienvenu !<\/p>\n<p>    <strong>Dorian Ledentu<\/strong><br \/>\n        Fan du Toulouse FC, membre de l&rsquo;association Les Petites Bosses    <\/p><\/blockquote>\n<p>Les supporters d\u2019autres clubs rel\u00e8vent le d\u00e9fi<\/p>\n<p class=\" wall-content\">Le jeune Toulousain\u00a0a lanc\u00e9 une <strong>v\u00e9ritable mode, <\/strong>car partout en France, des coureurs d\u2019un jour ou de toujours se mettent \u00e0 lui embo\u00eeter le pas, \u00e0 la lumi\u00e8re des scores de leurs clubs respectifs\u2026 \u00ab\u2009Je suis ravi de mettre d\u2019autres supporters dans <strong>le train de la course \u00e0 pied\u2009\u00bb,<\/strong> glisse-t-il. \u00ab\u2009C\u2019est bon pour la sant\u00e9\u2009!\u2009\u00bb<\/p>\n<p>31\u00a0km pour un supporter de Lens, 52 pour un autre du Paris FC<\/p>\n<p class=\" wall-content\">Un fan de <strong>Lens<\/strong> a ainsi couru <strong>31\u00a0km<\/strong> apr\u00e8s le succ\u00e8s des Sang et Or 3-1 face \u00e0 Brest.<\/p>\n<p class=\" wall-content\">\n<p class=\" wall-content\">Et un supporter du <strong>Paris FC<\/strong> a parcouru pas moins de <strong>52\u00a0km<\/strong> apr\u00e8s la victoire 5-2 de l\u2019Olympique de Marseille sur l\u2019autre club de la capitale.<\/p>\n<p class=\" wall-content\">\n<p class=\" wall-content\">Un fan du <strong>Stade Rennais<\/strong> a \u00e9galement relev\u00e9 le d\u00e9fi. \u00c0 ce rythme-l\u00e0, et \u00e0 la lumi\u00e8re des scores fleuves des derni\u00e8res ann\u00e9es, bon courage\u2026 aux supporters du <strong>Paris SG<\/strong>\u2009!<\/p>\n<p class=\" wall-content\">Personnalisez votre actualit\u00e9 en ajoutant vos villes et m\u00e9dias en favori avec <a href=\"https:\/\/moncompte.actu.fr\" title=\"D\u00e9couvez Mon Actu\" rel=\"nofollow noopener\" data-trk=\"{&quot;cta&quot;:{&quot;action&quot;:&quot;https:\\\/\\\/moncompte.actu.fr&quot;,&quot;category&quot;:&quot;mon compte&quot;,&quot;from&quot;:&quot;article footer&quot;,&quot;name&quot;:&quot;Mon actu&quot;,&quot;type&quot;:&quot;cta&quot;}}\" target=\"_blank\">Mon Actu<\/a>.<\/p>\n","protected":false},"excerpt":{"rendered":"Par Guillaume Laurens Publi\u00e9 le 7 sept. 2025 \u00e0 10h14 C\u2019est un champion des d\u00e9fis\u2026 plus loufoques les&hellip;\n","protected":false},"author":2,"featured_media":372568,"comment_status":"","ping_status":"","sticky":false,"template":"","format":"standard","meta":{"footnotes":""},"categories":[2816],"tags":[1111,11,1777,674,1011,27,12,2680,25,60,2312,4159],"class_list":{"0":"post-372567","1":"post","2":"type-post","3":"status-publish","4":"format-standard","5":"has-post-thumbnail","7":"category-toulouse","8":"tag-actu","9":"tag-actualites","10":"tag-eu","11":"tag-europe","12":"tag-fr","13":"tag-france","14":"tag-news","15":"tag-occitanie","16":"tag-republique-francaise","17":"tag-sports","18":"tag-toulouse","19":"tag-toulouse-football-club-tfc"},"share_on_mastodon":{"url":"https:\/\/pubeurope.com\/@fr\/115162098161833763","error":""},"_links":{"self":[{"href":"https:\/\/www.europesays.com\/fr\/wp-json\/wp\/v2\/posts\/372567","targetHints":{"allow":["GET"]}}],"collection":[{"href":"https:\/\/www.europesays.com\/fr\/wp-json\/wp\/v2\/posts"}],"about":[{"href":"https:\/\/www.europesays.com\/fr\/wp-json\/wp\/v2\/types\/post"}],"author":[{"embeddable":true,"href":"https:\/\/www.europesays.com\/fr\/wp-json\/wp\/v2\/users\/2"}],"replies":[{"embeddable":true,"href":"https:\/\/www.europesays.com\/fr\/wp-json\/wp\/v2\/comments?post=372567"}],"version-history":[{"count":0,"href":"https:\/\/www.europesays.com\/fr\/wp-json\/wp\/v2\/posts\/372567\/revisions"}],"wp:featuredmedia":[{"embeddable":true,"href":"https:\/\/www.europesays.com\/fr\/wp-json\/wp\/v2\/media\/372568"}],"wp:attachment":[{"href":"https:\/\/www.europesays.com\/fr\/wp-json\/wp\/v2\/media?parent=372567"}],"wp:term":[{"taxonomy":"category","embeddable":true,"href":"https:\/\/www.europesays.com\/fr\/wp-json\/wp\/v2\/categories?post=372567"},{"taxonomy":"post_tag","embeddable":true,"href":"https:\/\/www.europesays.com\/fr\/wp-json\/wp\/v2\/tags?post=372567"}],"curies":[{"name":"wp","href":"https:\/\/api.w.org\/{rel}","templated":true}]}}