{"id":372569,"date":"2025-09-07T08:36:14","date_gmt":"2025-09-07T08:36:14","guid":{"rendered":"https:\/\/www.europesays.com\/fr\/372569\/"},"modified":"2025-09-07T08:36:14","modified_gmt":"2025-09-07T08:36:14","slug":"un-passant-grievement-blesse-par-une-pierre-decrochee-dun-immeuble-son-pronostic-vital-engage","status":"publish","type":"post","link":"https:\/\/www.europesays.com\/fr\/372569\/","title":{"rendered":"un passant gri\u00e8vement bless\u00e9 par une pierre d\u00e9croch\u00e9e d&rsquo;un immeuble, son pronostic vital engag\u00e9"},"content":{"rendered":"<p class=\"article__intro\">Dans la nuit ce samedi 6 septembre 2025, les pompiers sont intervenus pour secourir une personne bless\u00e9e par une chute de pierre, rue des Canonniers \u00e0 Lille, en pleine c\u00e9l\u00e9bration de la Braderie.<\/p>\n<p>\n      La Quotidienne Soci\u00e9t\u00e9\n    <\/p>\n<p>\n      De la vie quotidienne aux grands enjeux, recevez tous les jours les sujets qui font la soci\u00e9t\u00e9 locale, comme la justice, l\u2019\u00e9ducation, la sant\u00e9 et la famille.\n    <\/p>\n<p>    France T\u00e9l\u00e9visions utilise votre adresse e-mail afin de vous envoyer la newsletter \u00ab\u00a0La Quotidienne Soci\u00e9t\u00e9\u00a0\u00bb. Vous pouvez vous d\u00e9sinscrire \u00e0 tout moment via le lien en bas de cette newsletter. <a target=\"_blank\" href=\"https:\/\/www.francetelevisions.fr\/groupe\/confidentialite\/politique-de-confidentialite\/politique-de-confidentialite-de-france-televisions-6503\" rel=\"nofollow noopener\">Notre politique de confidentialit\u00e9<\/a><\/p>\n<p>La nuit venait de s&rsquo;installer dans la capitale des Flandres, encore \u00e9veill\u00e9e pour les festivit\u00e9s de la grande braderie, lorsque les secours ont d\u00fb intervenir rue des Canonniers.<\/p>\n<p>\u00c0 quelques pas de l\u00e0, rue des Jardins, la plupart des bradeux venaient juste de remballer leurs stands pour profiter de l&rsquo;ambiance nocturne, qui s&rsquo;annon\u00e7ait remuante. Mais vers 22 h 30, les forces de l&rsquo;ordre ont \u00e9t\u00e9 d\u00e9p\u00each\u00e9es en urgence pour s\u00e9curiser l&rsquo;effondrement partiel d&rsquo;un balcon. Une chute de pierre extr\u00eamement lourde, survenue au niveau du 24 rue des Canonniers, \u00e0 l&rsquo;angle du boulevard Carnot, qui a fait un bless\u00e9 grave.<\/p>\n<\/p>\n<p>La personne lourdement bless\u00e9e par la chute de pierre a \u00e9t\u00e9 conduite en urgence vers le CHRU de Lille. Hier soir, son pronostic vital \u00e9tait engag\u00e9, nous confirme la police nationale.<\/p>\n<p>Fendant l&rsquo;obscurit\u00e9, les secours ont utilis\u00e9 un faisceau lumineux pour \u00e9clairer la fa\u00e7ade de l&rsquo;immeuble art d\u00e9co, cherchant la zone d&rsquo;o\u00f9 la pierre a pu se d\u00e9crocher pour s&rsquo;assurer qu&rsquo;aucun autre d\u00e9bris ne puisse tomber sur la foule.<\/p>\n<p>Un p\u00e9rim\u00e8tre de s\u00e9curit\u00e9 a \u00e9t\u00e9 \u00e9tabli par les sapeurs-pompiers pour \u00e9viter tout nouveau risque de blessure. Selon les forces de l&rsquo;ordre, l&rsquo;immeuble ne pr\u00e9sente aucun risque d&rsquo;effondrement.<\/p>\n<p>Plus d&rsquo;informations \u00e0 venir concernant la s\u00e9curisation du p\u00e9rim\u00e8tre.<\/p>\n<p>                    Braderie de Lille 2025<\/p>\n<p>                        Du 6 septembre<br \/>\n                        au 7 septembre 2025<\/p>\n<p>Un \u00e9v\u00e9nement organis\u00e9 le week-end du 6 et 7 septembre 2025 dans la capitale des Flandres, \u00e0 Lille et totalisant pr\u00e8s de 80 km d&rsquo;\u00e9tals, c&rsquo;est tout simplement la plus grande braderie d&rsquo;Europe. Chineurs, brocanteurs et visiteurs du Nord, de Belgique et d&rsquo;ailleurs seront \u00e0 l&rsquo;affut de bonnes affaires dans ce bric-\u00e0-brac grandeur XXL, \u00e0 la rencontre des brocanteurs, sans oublier l&rsquo;immanquable moules frites toujours au rendez-vous. Photo : Sebastien Courdji \/ Xinhua News Agency\/Newscom\/MaxPPP<\/p>\n<p>                voir plus<\/p>\n<p>\n                Lieu de l\u2019\u00e9v\u00e9nement:<br \/>\n                Lille\n            <\/p>\n<p>\t\t\t\t\t\t\t\t\t\t\t\t\t\t\t\t\t\t\t\t\t\t\t\t\t<a class=\"btn btn--primary btn--large event_redirect btn--on-white\" href=\"https:\/\/france3-regions.franceinfo.fr\/sorties-loisirs\/evenements\/fetes-locales\/braderie-lille\" aria-label=\"Braderie de Lille 2025. Voir la page de l\u2019\u00e9v\u00e9nement\" rel=\"nofollow noopener\" target=\"_blank\"><\/p>\n<p>              Voir la page de l\u2019\u00e9v\u00e9nement<\/p>\n<p>\t<\/a><\/p>\n","protected":false},"excerpt":{"rendered":"Dans la nuit ce samedi 6 septembre 2025, les pompiers sont intervenus pour secourir une personne bless\u00e9e par&hellip;\n","protected":false},"author":2,"featured_media":372570,"comment_status":"","ping_status":"","sticky":false,"template":"","format":"standard","meta":{"footnotes":""},"categories":[2815],"tags":[1111,11,1777,674,1011,27,811,1307,12,25],"class_list":{"0":"post-372569","1":"post","2":"type-post","3":"status-publish","4":"format-standard","5":"has-post-thumbnail","7":"category-lille","8":"tag-actu","9":"tag-actualites","10":"tag-eu","11":"tag-europe","12":"tag-fr","13":"tag-france","14":"tag-hauts-de-france","15":"tag-lille","16":"tag-news","17":"tag-republique-francaise"},"share_on_mastodon":{"url":"https:\/\/pubeurope.com\/@fr\/115162105990595083","error":""},"_links":{"self":[{"href":"https:\/\/www.europesays.com\/fr\/wp-json\/wp\/v2\/posts\/372569","targetHints":{"allow":["GET"]}}],"collection":[{"href":"https:\/\/www.europesays.com\/fr\/wp-json\/wp\/v2\/posts"}],"about":[{"href":"https:\/\/www.europesays.com\/fr\/wp-json\/wp\/v2\/types\/post"}],"author":[{"embeddable":true,"href":"https:\/\/www.europesays.com\/fr\/wp-json\/wp\/v2\/users\/2"}],"replies":[{"embeddable":true,"href":"https:\/\/www.europesays.com\/fr\/wp-json\/wp\/v2\/comments?post=372569"}],"version-history":[{"count":0,"href":"https:\/\/www.europesays.com\/fr\/wp-json\/wp\/v2\/posts\/372569\/revisions"}],"wp:featuredmedia":[{"embeddable":true,"href":"https:\/\/www.europesays.com\/fr\/wp-json\/wp\/v2\/media\/372570"}],"wp:attachment":[{"href":"https:\/\/www.europesays.com\/fr\/wp-json\/wp\/v2\/media?parent=372569"}],"wp:term":[{"taxonomy":"category","embeddable":true,"href":"https:\/\/www.europesays.com\/fr\/wp-json\/wp\/v2\/categories?post=372569"},{"taxonomy":"post_tag","embeddable":true,"href":"https:\/\/www.europesays.com\/fr\/wp-json\/wp\/v2\/tags?post=372569"}],"curies":[{"name":"wp","href":"https:\/\/api.w.org\/{rel}","templated":true}]}}